{"id":8810,"date":"2026-04-26T05:09:38","date_gmt":"2026-04-26T03:09:38","guid":{"rendered":"https:\/\/lienis.landplaninfo.ch\/?p=8810"},"modified":"2026-04-26T05:09:38","modified_gmt":"2026-04-26T03:09:38","slug":"fruehlingstour-abschluss","status":"publish","type":"post","link":"https:\/\/lienis.landplaninfo.ch\/?p=8810","title":{"rendered":"Fr\u00fchlingstour &#8211; Abschluss"},"content":{"rendered":"\n<p>Zum Schluss gibts nochmals einen Tag Br\u00fcssel Sight Seeing. Nat\u00fcrlich nicht ohne weitere Biere und andere Spezialit\u00e4ten zu probieren. Leider fand ich keine Zugsverbindung mehr, wo ich das Velo wieder nachhause mitnehmen k\u00f6nnte. Flug w\u00e4re eine Option, allerdings sauteuer, und ich m\u00fcsste wieder eine Schachtel auftreiben und die dann auch noch mit zum Flughafen bringen\ud83e\udd14. Aber dann die L\u00f6sung doch noch gefunden: Flixbus Br\u00fcssel Genua mit Velomitnahme f\u00e4hrt 20.30 los (via Luxenburg, Saarbr\u00fccken, Strasbourg) und ist 04.20 in Basel. Das reicht genau auf den ersten Interreg 04.36 nach Z\u00fcrich. Das ganze zum Spotpreis von Fr 100.- inkl  Velo. Nicht das bequemste Hotel dieser Reise, aber es bleibt ja der Sonntag um etwas Schlaf nachzuholen.<\/p>\n\n\n\n<p>Und vermutlich; weil ich auf der Hinfahrt ins Schw\u00e4rmen \u00fcber Schengen gekommen bin, genau da gibts auf der R\u00fcckfahrt den Extrastop damit der Deutsche Zoll, wieder wie fr\u00fcher, s\u00e4mtliche Ausweise der im Bus Schlafenden kontrollieren kann.\ud83e\udee1 Nimmt mich ja wunder wer in Deutschland wegen solcher Binnengrenzkontrollen besser schlafen soll.<\/p>\n\n\n\n<p><iframe loading=\"lazy\" width=\"560\" height=\"315\" src=\"https:\/\/www.youtube.com\/embed\/IKT8Y2EIkv8?si=MCkUzDqjBfP2BCF5\" title=\"YouTube video player\" frameborder=\"0\" allow=\"accelerometer; autoplay; clipboard-write; encrypted-media; gyroscope; picture-in-picture; web-share\" referrerpolicy=\"strict-origin-when-cross-origin\" allowfullscreen><\/iframe>  <\/p>\n","protected":false},"excerpt":{"rendered":"<p>Zum Schluss gibts nochmals einen Tag Br\u00fcssel Sight Seeing. Nat\u00fcrlich nicht ohne weitere Biere und andere Spezialit\u00e4ten zu probieren. Leider fand ich keine Zugsverbindung mehr, wo ich das Velo wieder nachhause mitnehmen k\u00f6nnte. Flug w\u00e4re eine Option, allerdings sauteuer, und ich m\u00fcsste wieder eine Schachtel auftreiben und die dann auch noch mit zum Flughafen bringen\ud83e\udd14. [&hellip;]<\/p>\n","protected":false},"author":1,"featured_media":0,"comment_status":"closed","ping_status":"closed","sticky":false,"template":"","format":"standard","meta":{"footnotes":""},"categories":[9],"tags":[81],"class_list":["post-8810","post","type-post","status-publish","format-standard","hentry","category-andreas","tag-fruehlingstour-2026"],"_links":{"self":[{"href":"https:\/\/lienis.landplaninfo.ch\/index.php?rest_route=\/wp\/v2\/posts\/8810","targetHints":{"allow":["GET"]}}],"collection":[{"href":"https:\/\/lienis.landplaninfo.ch\/index.php?rest_route=\/wp\/v2\/posts"}],"about":[{"href":"https:\/\/lienis.landplaninfo.ch\/index.php?rest_route=\/wp\/v2\/types\/post"}],"author":[{"embeddable":true,"href":"https:\/\/lienis.landplaninfo.ch\/index.php?rest_route=\/wp\/v2\/users\/1"}],"replies":[{"embeddable":true,"href":"https:\/\/lienis.landplaninfo.ch\/index.php?rest_route=%2Fwp%2Fv2%2Fcomments&post=8810"}],"version-history":[{"count":2,"href":"https:\/\/lienis.landplaninfo.ch\/index.php?rest_route=\/wp\/v2\/posts\/8810\/revisions"}],"predecessor-version":[{"id":8812,"href":"https:\/\/lienis.landplaninfo.ch\/index.php?rest_route=\/wp\/v2\/posts\/8810\/revisions\/8812"}],"wp:attachment":[{"href":"https:\/\/lienis.landplaninfo.ch\/index.php?rest_route=%2Fwp%2Fv2%2Fmedia&parent=8810"}],"wp:term":[{"taxonomy":"category","embeddable":true,"href":"https:\/\/lienis.landplaninfo.ch\/index.php?rest_route=%2Fwp%2Fv2%2Fcategories&post=8810"},{"taxonomy":"post_tag","embeddable":true,"href":"https:\/\/lienis.landplaninfo.ch\/index.php?rest_route=%2Fwp%2Fv2%2Ftags&post=8810"}],"curies":[{"name":"wp","href":"https:\/\/api.w.org\/{rel}","templated":true}]}}