{"id":8570,"date":"2025-09-26T16:50:48","date_gmt":"2025-09-26T14:50:48","guid":{"rendered":"https:\/\/lienis.landplaninfo.ch\/?p=8570"},"modified":"2025-09-26T16:52:20","modified_gmt":"2025-09-26T14:52:20","slug":"pyrenaeen-cycling-tour-etappe-21","status":"publish","type":"post","link":"http:\/\/lienis.landplaninfo.ch\/?p=8570","title":{"rendered":"Pyren\u00e4en Cycling Tour &#8211; Etappe 21"},"content":{"rendered":"\n<figure class=\"wp-block-image size-full\"><a href=\"https:\/\/lienis.landplaninfo.ch\/wp-content\/uploads\/2025\/09\/1000024757.png\"><img loading=\"lazy\" decoding=\"async\" width=\"1024\" height=\"1024\" src=\"https:\/\/lienis.landplaninfo.ch\/wp-content\/uploads\/2025\/09\/1000024757.png\" alt=\"\" class=\"wp-image-8572\" srcset=\"http:\/\/lienis.landplaninfo.ch\/wp-content\/uploads\/2025\/09\/1000024757.png 1024w, http:\/\/lienis.landplaninfo.ch\/wp-content\/uploads\/2025\/09\/1000024757-300x300.png 300w, http:\/\/lienis.landplaninfo.ch\/wp-content\/uploads\/2025\/09\/1000024757-150x150.png 150w, http:\/\/lienis.landplaninfo.ch\/wp-content\/uploads\/2025\/09\/1000024757-768x768.png 768w\" sizes=\"auto, (max-width: 1024px) 100vw, 1024px\" \/><\/a><\/figure>\n\n\n<p>Der heutige Katzensprung nach Genf glich eher einem Sprung ins kalte Wasser. Kurz nach der ersten halbwegs trockenen Stunde montierten wir wieder die Regen-Vollmontur und wie bef\u00fcrchtet behielten wir sie heute f\u00fcr den Rest des Tages an. Es war damit schon fast etwas eine Pflicht- Etappe, was man anf\u00e4ngt bringt man schliesslich auch zu Ende und aus der M\u00f6glichkeit es in 3 Wochen bis nach Genf zu schaffen wurde irgendwann Hoffnung und dann langsam Gewissheit und heute eben schon fast eine Pflicht. So haben wir alle Bahnstationen entlang der Strecke gefliessentlich \u00fcbersehen und lieber stoisch den kalten Nieselregen \u00fcber uns ergehen lassen, in der Gewissheit dem Ziel mit jeden Tramp ein bisschen n\u00e4her zu kommen.<br \/>Auf dem h\u00f6chsten Punkt des heutigen, leider namenlosen, Cols durfte es dann endlich drann glauben, das als Notvorrat geh\u00fctete Edelweissbiberli vom Flug nach Biarritz. Ab sofort hat es also nahe der Grenze in Frankreich noch den neugetauften &#8218;Col du Biberli&#8216; und obwohl er schon in den Alpen liegt ist es ganz offiziell der letzte (oder der Erste, je nach Richtung) Pyren\u00e4enpass!<br \/><iframe loading=\"lazy\" title=\"YouTube video player\" src=\"https:\/\/www.youtube.com\/embed\/cMApVFkeBSo?si=KgRLjosn0CaLFe_s\" width=\"560\" height=\"315\" frameborder=\"0\" allowfullscreen=\"allowfullscreen\"><\/iframe><\/p>\n\n\n<figure class=\"wp-block-image size-large\"><a href=\"https:\/\/lienis.landplaninfo.ch\/wp-content\/uploads\/2025\/09\/1000024756.jpg\"><img loading=\"lazy\" decoding=\"async\" width=\"1024\" height=\"476\" src=\"https:\/\/lienis.landplaninfo.ch\/wp-content\/uploads\/2025\/09\/1000024756-1024x476.jpg\" alt=\"\" class=\"wp-image-8573\" srcset=\"http:\/\/lienis.landplaninfo.ch\/wp-content\/uploads\/2025\/09\/1000024756-1024x476.jpg 1024w, http:\/\/lienis.landplaninfo.ch\/wp-content\/uploads\/2025\/09\/1000024756-300x139.jpg 300w, http:\/\/lienis.landplaninfo.ch\/wp-content\/uploads\/2025\/09\/1000024756-768x357.jpg 768w, http:\/\/lienis.landplaninfo.ch\/wp-content\/uploads\/2025\/09\/1000024756-1536x714.jpg 1536w, http:\/\/lienis.landplaninfo.ch\/wp-content\/uploads\/2025\/09\/1000024756-2048x952.jpg 2048w, http:\/\/lienis.landplaninfo.ch\/wp-content\/uploads\/2025\/09\/1000024756-1568x729.jpg 1568w\" sizes=\"auto, (max-width: 1024px) 100vw, 1024px\" \/><\/a><\/figure>\n","protected":false},"excerpt":{"rendered":"<p>Der heutige Katzensprung nach Genf glich eher einem Sprung ins kalte Wasser. Kurz nach der ersten halbwegs trockenen Stunde montierten wir wieder die Regen-Vollmontur und wie bef\u00fcrchtet behielten wir sie heute f\u00fcr den Rest des Tages an. Es war damit schon fast etwas eine Pflicht- Etappe, was man anf\u00e4ngt bringt man schliesslich auch zu Ende [&hellip;]<\/p>\n","protected":false},"author":1,"featured_media":0,"comment_status":"closed","ping_status":"closed","sticky":false,"template":"","format":"standard","meta":{"footnotes":""},"categories":[9],"tags":[79],"class_list":["post-8570","post","type-post","status-publish","format-standard","hentry","category-andreas","tag-pct25"],"_links":{"self":[{"href":"http:\/\/lienis.landplaninfo.ch\/index.php?rest_route=\/wp\/v2\/posts\/8570","targetHints":{"allow":["GET"]}}],"collection":[{"href":"http:\/\/lienis.landplaninfo.ch\/index.php?rest_route=\/wp\/v2\/posts"}],"about":[{"href":"http:\/\/lienis.landplaninfo.ch\/index.php?rest_route=\/wp\/v2\/types\/post"}],"author":[{"embeddable":true,"href":"http:\/\/lienis.landplaninfo.ch\/index.php?rest_route=\/wp\/v2\/users\/1"}],"replies":[{"embeddable":true,"href":"http:\/\/lienis.landplaninfo.ch\/index.php?rest_route=%2Fwp%2Fv2%2Fcomments&post=8570"}],"version-history":[{"count":3,"href":"http:\/\/lienis.landplaninfo.ch\/index.php?rest_route=\/wp\/v2\/posts\/8570\/revisions"}],"predecessor-version":[{"id":8575,"href":"http:\/\/lienis.landplaninfo.ch\/index.php?rest_route=\/wp\/v2\/posts\/8570\/revisions\/8575"}],"wp:attachment":[{"href":"http:\/\/lienis.landplaninfo.ch\/index.php?rest_route=%2Fwp%2Fv2%2Fmedia&parent=8570"}],"wp:term":[{"taxonomy":"category","embeddable":true,"href":"http:\/\/lienis.landplaninfo.ch\/index.php?rest_route=%2Fwp%2Fv2%2Fcategories&post=8570"},{"taxonomy":"post_tag","embeddable":true,"href":"http:\/\/lienis.landplaninfo.ch\/index.php?rest_route=%2Fwp%2Fv2%2Ftags&post=8570"}],"curies":[{"name":"wp","href":"https:\/\/api.w.org\/{rel}","templated":true}]}}