{"id":8557,"date":"2025-09-25T16:04:35","date_gmt":"2025-09-25T14:04:35","guid":{"rendered":"https:\/\/lienis.landplaninfo.ch\/?p=8557"},"modified":"2025-09-25T16:20:40","modified_gmt":"2025-09-25T14:20:40","slug":"pyrenaeen-cycling-tour-etappe-20","status":"publish","type":"post","link":"http:\/\/lienis.landplaninfo.ch\/?p=8557","title":{"rendered":"Pyren\u00e4en Cycling Tour &#8211; Etappe 20"},"content":{"rendered":"\n<figure class=\"wp-block-image size-large\"><a href=\"https:\/\/lienis.landplaninfo.ch\/wp-content\/uploads\/2025\/09\/1000024729.png\"><img loading=\"lazy\" decoding=\"async\" width=\"1024\" height=\"683\" src=\"https:\/\/lienis.landplaninfo.ch\/wp-content\/uploads\/2025\/09\/1000024729-1024x683.png\" alt=\"\" class=\"wp-image-8561\" srcset=\"http:\/\/lienis.landplaninfo.ch\/wp-content\/uploads\/2025\/09\/1000024729-1024x683.png 1024w, http:\/\/lienis.landplaninfo.ch\/wp-content\/uploads\/2025\/09\/1000024729-300x200.png 300w, http:\/\/lienis.landplaninfo.ch\/wp-content\/uploads\/2025\/09\/1000024729-768x512.png 768w, http:\/\/lienis.landplaninfo.ch\/wp-content\/uploads\/2025\/09\/1000024729.png 1536w\" sizes=\"auto, (max-width: 1024px) 100vw, 1024px\" \/><\/a><\/figure>\n\n\n<p>Es ist nicht ganz einfach eine gute Unterkunft in Richtung Genf zu finden, in Averni\u00e8res sind wir aber auf ca. halbem Weg f\u00fcndig geworden. Die erste Stunde am Morgen, wieder bei deutlich zu k\u00fchlem aber noch trockenem Wetter gestartet. Schon bald wurde klar, dass die Regenwand auf die wir zufuhren, sich nicht verziehen wird. Umkehren leider auch keine Option. So wurde die n\u00e4chsten anderhalb Stunden nochmals richtig nass und in Vollmontur gefahren, bis sich dann langsam wieder etwas blauer Himmel zeigte, was ich mit einem tollen &#8218;Dome framboise&#8216; zum Zn\u00fcni gefeiert habe.<br \/>Gerade rechtzeitig vor der ersten (von gef\u00fchlt unz\u00e4hligen) steilen Rampen, konnten die Regenklamotten wieder ins Gep\u00e4ck. Auf vielen tollen Nebenstrassen gings danach durch abwechslungsreiche landwirtschaftlich gepr\u00e4gte Landschaften mit zu Beginn noch Reben und Niederstammplantagen, sp\u00e4ter in den H\u00fcgeln mehr heckengepr\u00e4gte Felder, Wiesen und Weiden. Warum das Garmin nur 7 der mindestens zwei Dutzend\u00a0 Anstiege als solche ausgewiesen hat, bleibt ein Geheimnis; vermutlich eine Motivationsmassnahme, nur jeden Dritten Anstieg auszuweisen?<br \/>So haben wir uns nun bis auf einen letzten Katzensprung nach Genf in Position gefahren. Jetzt muss nur noch das Wetter morgen bitte nochmals mitspielen.<br \/><iframe loading=\"lazy\" title=\"YouTube video player\" src=\"https:\/\/www.youtube.com\/embed\/519MviJxmCw?si=zyqlGpc9RYVbciwJ\" width=\"560\" height=\"315\" frameborder=\"0\" allowfullscreen=\"allowfullscreen\"><\/iframe><\/p>\n\n\n<figure class=\"wp-block-image size-large\"><a href=\"https:\/\/lienis.landplaninfo.ch\/wp-content\/uploads\/2025\/09\/1000024728.jpg\"><img loading=\"lazy\" decoding=\"async\" width=\"1024\" height=\"476\" src=\"https:\/\/lienis.landplaninfo.ch\/wp-content\/uploads\/2025\/09\/1000024728-1024x476.jpg\" alt=\"\" class=\"wp-image-8562\" srcset=\"http:\/\/lienis.landplaninfo.ch\/wp-content\/uploads\/2025\/09\/1000024728-1024x476.jpg 1024w, http:\/\/lienis.landplaninfo.ch\/wp-content\/uploads\/2025\/09\/1000024728-300x139.jpg 300w, http:\/\/lienis.landplaninfo.ch\/wp-content\/uploads\/2025\/09\/1000024728-768x357.jpg 768w, http:\/\/lienis.landplaninfo.ch\/wp-content\/uploads\/2025\/09\/1000024728-1536x714.jpg 1536w, http:\/\/lienis.landplaninfo.ch\/wp-content\/uploads\/2025\/09\/1000024728-2048x952.jpg 2048w, http:\/\/lienis.landplaninfo.ch\/wp-content\/uploads\/2025\/09\/1000024728-1568x729.jpg 1568w\" sizes=\"auto, (max-width: 1024px) 100vw, 1024px\" \/><\/a><\/figure>\n","protected":false},"excerpt":{"rendered":"<p>Es ist nicht ganz einfach eine gute Unterkunft in Richtung Genf zu finden, in Averni\u00e8res sind wir aber auf ca. halbem Weg f\u00fcndig geworden. Die erste Stunde am Morgen, wieder bei deutlich zu k\u00fchlem aber noch trockenem Wetter gestartet. Schon bald wurde klar, dass die Regenwand auf die wir zufuhren, sich nicht verziehen wird. Umkehren [&hellip;]<\/p>\n","protected":false},"author":1,"featured_media":0,"comment_status":"closed","ping_status":"closed","sticky":false,"template":"","format":"standard","meta":{"footnotes":""},"categories":[9],"tags":[79],"class_list":["post-8557","post","type-post","status-publish","format-standard","hentry","category-andreas","tag-pct25"],"_links":{"self":[{"href":"http:\/\/lienis.landplaninfo.ch\/index.php?rest_route=\/wp\/v2\/posts\/8557","targetHints":{"allow":["GET"]}}],"collection":[{"href":"http:\/\/lienis.landplaninfo.ch\/index.php?rest_route=\/wp\/v2\/posts"}],"about":[{"href":"http:\/\/lienis.landplaninfo.ch\/index.php?rest_route=\/wp\/v2\/types\/post"}],"author":[{"embeddable":true,"href":"http:\/\/lienis.landplaninfo.ch\/index.php?rest_route=\/wp\/v2\/users\/1"}],"replies":[{"embeddable":true,"href":"http:\/\/lienis.landplaninfo.ch\/index.php?rest_route=%2Fwp%2Fv2%2Fcomments&post=8557"}],"version-history":[{"count":9,"href":"http:\/\/lienis.landplaninfo.ch\/index.php?rest_route=\/wp\/v2\/posts\/8557\/revisions"}],"predecessor-version":[{"id":8568,"href":"http:\/\/lienis.landplaninfo.ch\/index.php?rest_route=\/wp\/v2\/posts\/8557\/revisions\/8568"}],"wp:attachment":[{"href":"http:\/\/lienis.landplaninfo.ch\/index.php?rest_route=%2Fwp%2Fv2%2Fmedia&parent=8557"}],"wp:term":[{"taxonomy":"category","embeddable":true,"href":"http:\/\/lienis.landplaninfo.ch\/index.php?rest_route=%2Fwp%2Fv2%2Fcategories&post=8557"},{"taxonomy":"post_tag","embeddable":true,"href":"http:\/\/lienis.landplaninfo.ch\/index.php?rest_route=%2Fwp%2Fv2%2Ftags&post=8557"}],"curies":[{"name":"wp","href":"https:\/\/api.w.org\/{rel}","templated":true}]}}