{"id":8534,"date":"2025-09-23T18:07:40","date_gmt":"2025-09-23T16:07:40","guid":{"rendered":"https:\/\/lienis.landplaninfo.ch\/?p=8534"},"modified":"2025-09-23T21:01:26","modified_gmt":"2025-09-23T19:01:26","slug":"pyrenaeen-cycling-tour-etappe-18","status":"publish","type":"post","link":"http:\/\/lienis.landplaninfo.ch\/?p=8534","title":{"rendered":"Pyren\u00e4en Cycling Tour &#8211; Etappe 18"},"content":{"rendered":"\n<figure class=\"wp-block-image size-large\"><a href=\"https:\/\/lienis.landplaninfo.ch\/wp-content\/uploads\/2025\/09\/1000024546.png\"><img loading=\"lazy\" decoding=\"async\" width=\"1024\" height=\"683\" src=\"https:\/\/lienis.landplaninfo.ch\/wp-content\/uploads\/2025\/09\/1000024546-1024x683.png\" alt=\"\" class=\"wp-image-8539\" srcset=\"http:\/\/lienis.landplaninfo.ch\/wp-content\/uploads\/2025\/09\/1000024546-1024x683.png 1024w, http:\/\/lienis.landplaninfo.ch\/wp-content\/uploads\/2025\/09\/1000024546-300x200.png 300w, http:\/\/lienis.landplaninfo.ch\/wp-content\/uploads\/2025\/09\/1000024546-768x512.png 768w, http:\/\/lienis.landplaninfo.ch\/wp-content\/uploads\/2025\/09\/1000024546.png 1536w\" sizes=\"auto, (max-width: 1024px) 100vw, 1024px\" \/><\/a><\/figure>\n\n\n<p>Gestern Abend habe ich mich mit dem <a href=\"https:\/\/www.netflix.com\/de\/title\/81466994?s=a&amp;amp;trkid=13747225&amp;amp;trg=cp&amp;amp;vlang=de&amp;amp;clip=81593454\">Film &#8218;Ventoux&#8216;<\/a>\u00a0etwas eingestimmt auf den heutigen Tag. Es war nicht die h\u00f6chste Steigung der Tour, auch nicht die steilste, aber vielleicht die Attraktivste mit einem einzigartigen Finale vom Chalet Renard hoch zum Mont Vontoux.<br \/>Schon mal durfte ich das bei sch\u00f6nstem Wetter geniessen, damals als kr\u00f6nender Abschluss der Tour de Cevennes (Siehe: <a href=\"http:\/\/lienis.landplaninfo.ch\/?p=7490)\">http:\/\/lienis.landplaninfo.ch\/?p=7490)<\/a><br \/>Heute gings bei frostigen 5\u00b0 los. Trotzdem mussten Jacke und lange Hosen am sonnigen Aufstieg schon nach den ersten 100 H\u00f6henmeter wieder demontiert werden. Von Sault zum Chalet Renard hoch f\u00fchrt eine wunderbare Strasse durch die Weiden, Lavendelfelder (die um diese Jaherszeit leider alle abgeerntet sind) und die einzigartigen W\u00e4lder des Mont Vontoux Naturparks. Das alles mit angenehmen, wenn auch sich lange hinziehenden, 3-4%. Ab Chalet Renard dann das ber\u00fchmte steilere Schlussst\u00fcck durch die zunehmend kargere einmalige Ger\u00f6llw\u00fcste, so dass man nach 26 km endlich auf den 1910 m.\u00fc.M. ankommt und den Blick \u00fcber die Provance und das Rhonetal geniessen kann.<br \/>F\u00fcr die Abfahrt heisst es dann aber nochmals alle Kleider montieren, die dabei sind, trotzdem wird es sehr frostig mit dem Fahrtwind auf den steilen Abfahrten. Und es ist erstaunlich wieviele Velofahrer sich den steilen Aufstieg zumuten und uns Gfr\u00f6rlis entgegenschwitzen. Es dauert danach eine Weile, bis uns die Nachmittagssonne in den Weing\u00fctern des Cote du Rhone wieder aufgew\u00e4rmt hat und die &#8218;Winterkluft&#8216; hoffentlich f\u00fcr den Rest der Tour erneut verstaut werden kann. (Immerhin war es nicht ganz nutzloser Balast.) Nach vielen tollen kleinen Landstr\u00e4sschen dann eher m\u00fchsam: Das Schlussst\u00fcck nach Mont\u00e9limar, mit einigen Kilometern auf grosser verkehrsreicher Strasse. Einmal mehr geloben wir, die Komotroutingvorschl\u00e4ge besser zu kontrollieren, bevor sie aufs Navi d\u00fcrfen.<\/p>\n<p><iframe loading=\"lazy\" title=\"YouTube video player\" src=\"https:\/\/www.youtube.com\/embed\/fR2xFy5j-m4?si=PNTkAjtnjqnEtvZ4\" width=\"560\" height=\"315\" frameborder=\"0\" allowfullscreen=\"allowfullscreen\"><\/iframe><\/p>\n\n\n<figure class=\"wp-block-image size-large\"><a href=\"https:\/\/lienis.landplaninfo.ch\/wp-content\/uploads\/2025\/09\/1000024622.jpg\"><img loading=\"lazy\" decoding=\"async\" width=\"1024\" height=\"476\" src=\"https:\/\/lienis.landplaninfo.ch\/wp-content\/uploads\/2025\/09\/1000024622-1024x476.jpg\" alt=\"\" class=\"wp-image-8541\" srcset=\"http:\/\/lienis.landplaninfo.ch\/wp-content\/uploads\/2025\/09\/1000024622-1024x476.jpg 1024w, http:\/\/lienis.landplaninfo.ch\/wp-content\/uploads\/2025\/09\/1000024622-300x139.jpg 300w, http:\/\/lienis.landplaninfo.ch\/wp-content\/uploads\/2025\/09\/1000024622-768x357.jpg 768w, http:\/\/lienis.landplaninfo.ch\/wp-content\/uploads\/2025\/09\/1000024622-1536x714.jpg 1536w, http:\/\/lienis.landplaninfo.ch\/wp-content\/uploads\/2025\/09\/1000024622-2048x952.jpg 2048w, http:\/\/lienis.landplaninfo.ch\/wp-content\/uploads\/2025\/09\/1000024622-1568x729.jpg 1568w\" sizes=\"auto, (max-width: 1024px) 100vw, 1024px\" \/><\/a><\/figure>\n","protected":false},"excerpt":{"rendered":"<p>Gestern Abend habe ich mich mit dem Film &#8218;Ventoux&#8216;\u00a0etwas eingestimmt auf den heutigen Tag. Es war nicht die h\u00f6chste Steigung der Tour, auch nicht die steilste, aber vielleicht die Attraktivste mit einem einzigartigen Finale vom Chalet Renard hoch zum Mont Vontoux.Schon mal durfte ich das bei sch\u00f6nstem Wetter geniessen, damals als kr\u00f6nender Abschluss der Tour [&hellip;]<\/p>\n","protected":false},"author":1,"featured_media":0,"comment_status":"closed","ping_status":"closed","sticky":false,"template":"","format":"standard","meta":{"footnotes":""},"categories":[9],"tags":[79],"class_list":["post-8534","post","type-post","status-publish","format-standard","hentry","category-andreas","tag-pct25"],"_links":{"self":[{"href":"http:\/\/lienis.landplaninfo.ch\/index.php?rest_route=\/wp\/v2\/posts\/8534","targetHints":{"allow":["GET"]}}],"collection":[{"href":"http:\/\/lienis.landplaninfo.ch\/index.php?rest_route=\/wp\/v2\/posts"}],"about":[{"href":"http:\/\/lienis.landplaninfo.ch\/index.php?rest_route=\/wp\/v2\/types\/post"}],"author":[{"embeddable":true,"href":"http:\/\/lienis.landplaninfo.ch\/index.php?rest_route=\/wp\/v2\/users\/1"}],"replies":[{"embeddable":true,"href":"http:\/\/lienis.landplaninfo.ch\/index.php?rest_route=%2Fwp%2Fv2%2Fcomments&post=8534"}],"version-history":[{"count":6,"href":"http:\/\/lienis.landplaninfo.ch\/index.php?rest_route=\/wp\/v2\/posts\/8534\/revisions"}],"predecessor-version":[{"id":8544,"href":"http:\/\/lienis.landplaninfo.ch\/index.php?rest_route=\/wp\/v2\/posts\/8534\/revisions\/8544"}],"wp:attachment":[{"href":"http:\/\/lienis.landplaninfo.ch\/index.php?rest_route=%2Fwp%2Fv2%2Fmedia&parent=8534"}],"wp:term":[{"taxonomy":"category","embeddable":true,"href":"http:\/\/lienis.landplaninfo.ch\/index.php?rest_route=%2Fwp%2Fv2%2Fcategories&post=8534"},{"taxonomy":"post_tag","embeddable":true,"href":"http:\/\/lienis.landplaninfo.ch\/index.php?rest_route=%2Fwp%2Fv2%2Ftags&post=8534"}],"curies":[{"name":"wp","href":"https:\/\/api.w.org\/{rel}","templated":true}]}}