{"id":8530,"date":"2025-09-22T16:14:04","date_gmt":"2025-09-22T14:14:04","guid":{"rendered":"https:\/\/lienis.landplaninfo.ch\/?p=8530"},"modified":"2025-09-22T16:14:05","modified_gmt":"2025-09-22T14:14:05","slug":"pyrenaeen-cycling-tour-etappe-17","status":"publish","type":"post","link":"http:\/\/lienis.landplaninfo.ch\/?p=8530","title":{"rendered":"Pyren\u00e4en Cycling Tour &#8211; Etappe 17"},"content":{"rendered":"\n<figure class=\"wp-block-image size-full\"><a href=\"http:\/\/lienis.landplaninfo.ch\/wp-content\/uploads\/2025\/09\/1000024515.png\"><img loading=\"lazy\" decoding=\"async\" width=\"1024\" height=\"1024\" src=\"http:\/\/lienis.landplaninfo.ch\/wp-content\/uploads\/2025\/09\/1000024515.png\" alt=\"\" class=\"wp-image-8531\" srcset=\"http:\/\/lienis.landplaninfo.ch\/wp-content\/uploads\/2025\/09\/1000024515.png 1024w, http:\/\/lienis.landplaninfo.ch\/wp-content\/uploads\/2025\/09\/1000024515-300x300.png 300w, http:\/\/lienis.landplaninfo.ch\/wp-content\/uploads\/2025\/09\/1000024515-150x150.png 150w, http:\/\/lienis.landplaninfo.ch\/wp-content\/uploads\/2025\/09\/1000024515-768x768.png 768w\" sizes=\"auto, (max-width: 1024px) 100vw, 1024px\" \/><\/a><\/figure>\n\n\n<p>Alles richtig gemacht gestern mit dem fr\u00fchen Abbruch. Heute schon zu Beginn Sonne und so gehts fr\u00fch, ohne Fr\u00fchst\u00fcck los, bis uns dann ein Cafe und die frischen Geb\u00e4cke einer Boulangerie lockten. Tolle Velowege auf ehemaligen Bahntrassen in gutem Zustand bringen uns rasch aus der Rhoneebene in die Biosph\u00f6rengegend des Mont Ventoux. Eine wunderbare Velogegend mit tollen D\u00f6rfern und Landschaften. Die Beinmuskeln freuts, wenn es auch wieder mal etwas H\u00f6henmeter gibt, der Kopf freut sich, dass sie in sehr moderaten Anstiegen auf \u00e4usserst attraktiven Strassen zusammen kommen, der Magen freut sich \u00fcber beste hausgemachte Pasta zum Mittag. Die Temperaturen sind frisch geworden und f\u00fcr morgen nochmals einiges frischer vorausgesagt. Bin gespannt, ob die langen Hosen morgen doch noch ein erstes mal zum Einsatz kommen.<\/p>\n<p><iframe loading=\"lazy\" width=\"560\" height=\"315\" src=\"https:\/\/www.youtube.com\/embed\/UVMuCt5ICkE?si=xg0CgAPIs4tE9q4e\" title=\"YouTube video player\" frameborder=\"0\" allow=\"accelerometer; autoplay; clipboard-write; encrypted-media; gyroscope; picture-in-picture; web-share\" referrerpolicy=\"strict-origin-when-cross-origin\" allowfullscreen><\/iframe><\/p>\n\n\n<figure class=\"wp-block-image size-large\"><a href=\"https:\/\/lienis.landplaninfo.ch\/wp-content\/uploads\/2025\/09\/1000024517.jpg\"><img loading=\"lazy\" decoding=\"async\" width=\"1024\" height=\"476\" src=\"https:\/\/lienis.landplaninfo.ch\/wp-content\/uploads\/2025\/09\/1000024517-1024x476.jpg\" alt=\"\" class=\"wp-image-8532\" srcset=\"http:\/\/lienis.landplaninfo.ch\/wp-content\/uploads\/2025\/09\/1000024517-1024x476.jpg 1024w, http:\/\/lienis.landplaninfo.ch\/wp-content\/uploads\/2025\/09\/1000024517-300x139.jpg 300w, http:\/\/lienis.landplaninfo.ch\/wp-content\/uploads\/2025\/09\/1000024517-768x357.jpg 768w, http:\/\/lienis.landplaninfo.ch\/wp-content\/uploads\/2025\/09\/1000024517-1536x714.jpg 1536w, http:\/\/lienis.landplaninfo.ch\/wp-content\/uploads\/2025\/09\/1000024517-2048x952.jpg 2048w, http:\/\/lienis.landplaninfo.ch\/wp-content\/uploads\/2025\/09\/1000024517-1568x729.jpg 1568w\" sizes=\"auto, (max-width: 1024px) 100vw, 1024px\" \/><\/a><\/figure>\n","protected":false},"excerpt":{"rendered":"<p>Alles richtig gemacht gestern mit dem fr\u00fchen Abbruch. Heute schon zu Beginn Sonne und so gehts fr\u00fch, ohne Fr\u00fchst\u00fcck los, bis uns dann ein Cafe und die frischen Geb\u00e4cke einer Boulangerie lockten. Tolle Velowege auf ehemaligen Bahntrassen in gutem Zustand bringen uns rasch aus der Rhoneebene in die Biosph\u00f6rengegend des Mont Ventoux. Eine wunderbare Velogegend [&hellip;]<\/p>\n","protected":false},"author":1,"featured_media":0,"comment_status":"closed","ping_status":"closed","sticky":false,"template":"","format":"standard","meta":{"footnotes":""},"categories":[9],"tags":[79],"class_list":["post-8530","post","type-post","status-publish","format-standard","hentry","category-andreas","tag-pct25"],"_links":{"self":[{"href":"http:\/\/lienis.landplaninfo.ch\/index.php?rest_route=\/wp\/v2\/posts\/8530","targetHints":{"allow":["GET"]}}],"collection":[{"href":"http:\/\/lienis.landplaninfo.ch\/index.php?rest_route=\/wp\/v2\/posts"}],"about":[{"href":"http:\/\/lienis.landplaninfo.ch\/index.php?rest_route=\/wp\/v2\/types\/post"}],"author":[{"embeddable":true,"href":"http:\/\/lienis.landplaninfo.ch\/index.php?rest_route=\/wp\/v2\/users\/1"}],"replies":[{"embeddable":true,"href":"http:\/\/lienis.landplaninfo.ch\/index.php?rest_route=%2Fwp%2Fv2%2Fcomments&post=8530"}],"version-history":[{"count":1,"href":"http:\/\/lienis.landplaninfo.ch\/index.php?rest_route=\/wp\/v2\/posts\/8530\/revisions"}],"predecessor-version":[{"id":8533,"href":"http:\/\/lienis.landplaninfo.ch\/index.php?rest_route=\/wp\/v2\/posts\/8530\/revisions\/8533"}],"wp:attachment":[{"href":"http:\/\/lienis.landplaninfo.ch\/index.php?rest_route=%2Fwp%2Fv2%2Fmedia&parent=8530"}],"wp:term":[{"taxonomy":"category","embeddable":true,"href":"http:\/\/lienis.landplaninfo.ch\/index.php?rest_route=%2Fwp%2Fv2%2Fcategories&post=8530"},{"taxonomy":"post_tag","embeddable":true,"href":"http:\/\/lienis.landplaninfo.ch\/index.php?rest_route=%2Fwp%2Fv2%2Ftags&post=8530"}],"curies":[{"name":"wp","href":"https:\/\/api.w.org\/{rel}","templated":true}]}}