{"id":8494,"date":"2025-09-18T18:24:31","date_gmt":"2025-09-18T16:24:31","guid":{"rendered":"https:\/\/lienis.landplaninfo.ch\/?p=8494"},"modified":"2025-09-18T21:12:44","modified_gmt":"2025-09-18T19:12:44","slug":"pyrenaeen-cycling-tour-etappe-13","status":"publish","type":"post","link":"http:\/\/lienis.landplaninfo.ch\/?p=8494","title":{"rendered":"Pyren\u00e4en Cycling Tour &#8211; Etappe 13"},"content":{"rendered":"\n<figure class=\"wp-block-image size-large\"><a href=\"https:\/\/lienis.landplaninfo.ch\/wp-content\/uploads\/2025\/09\/1000024188.png\"><img loading=\"lazy\" decoding=\"async\" width=\"683\" height=\"1024\" src=\"https:\/\/lienis.landplaninfo.ch\/wp-content\/uploads\/2025\/09\/1000024188-683x1024.png\" alt=\"\" class=\"wp-image-8497\" srcset=\"http:\/\/lienis.landplaninfo.ch\/wp-content\/uploads\/2025\/09\/1000024188-683x1024.png 683w, http:\/\/lienis.landplaninfo.ch\/wp-content\/uploads\/2025\/09\/1000024188-200x300.png 200w, http:\/\/lienis.landplaninfo.ch\/wp-content\/uploads\/2025\/09\/1000024188-768x1152.png 768w, http:\/\/lienis.landplaninfo.ch\/wp-content\/uploads\/2025\/09\/1000024188.png 1024w\" sizes=\"auto, (max-width: 683px) 100vw, 683px\" \/><\/a><\/figure>\n\n\n<p>Das erste Mal seit langer Zeit beginnen wir den Tag nicht im Herbstnebel, sondern grad bei blauem Himmel. Es geht heute \u00fcber die letzten beide Pyren\u00e4enp\u00e4sse und das grosse Ziel ist am Abend noch im Mittelmeer zu baden. Zuerst aber die Arbeit: Rauf auf den Col de Palom\u00e8re. Ein wunderbarer Aufstieg (nicht nur weil er der Letzte ist und etwas Wehmut aufkommt). Die Strasse schl\u00e4ngelt sich schroffen Felsw\u00e4nden entlang, neben der Strasse pyren\u00e4ische Suonen, alles sch\u00f6n am Schattenhang oder durch dichte und wieder gr\u00fcne W\u00e4lder. Die D\u00f6rfer an den Hang geklebt, erinnert es uns schon etwas ans Valle Onsernone.<br \/>Kurz vor 12 Uhr sind wir oben und erblicken in der Ferne das Mittelmeer ein erstes Mal. Runter (oder besser rauf und runter) gehts durch enlose Oliven- und Korkeichenw\u00e4lder. Pass Nummer 2 der Col Xatard wird uns dabei irgenwann am Wegrand geschenkt, ohne eine besondere Anstiegsanstrengung, nehmen wir ihn trotzem als Pyren\u00e4en-Col Nr. 36 in unsere Statistik auf. Und heute haben wir im zweiten Anlauf Gl\u00fcck und finden ein offenes Resti, um unsere &#8218;Akkus&#8216; f\u00fcr den Schlusssprint ganz bis ans Meer zu laden (im ersten Anlauf wurden wir freundlich aus der Beiz spediert, weil man sich ausser Stande sah f\u00fcr G\u00e4ste, die nicht reserviert hatten, zu kochen). So haben wir es nach 1&#8217;002 km und 22&#8217;710 H\u00f6henmeter \u00fcber 36 P\u00e4sse schliesslich nach Arg\u00e8les-sur-Mer geschafft und nach etwas herumirren (mann hat es hier auch\u00a0 pl\u00f6tzlich viele Leute!) das Hotel gefunden und das Bad im Mittelmeer noch vor dem Apero-Bier genossen. Besser als jeder Pool!<iframe loading=\"lazy\" title=\"YouTube video player\" src=\"https:\/\/www.youtube.com\/embed\/VeOpQ0hPce4?si=lEZMZYYMtZil_Mpk\" width=\"560\" height=\"315\" frameborder=\"0\" allowfullscreen=\"allowfullscreen\"><\/iframe><\/p>\n\n\n<figure class=\"wp-block-image size-large\"><a href=\"https:\/\/lienis.landplaninfo.ch\/wp-content\/uploads\/2025\/09\/1000024193.jpg\"><img loading=\"lazy\" decoding=\"async\" width=\"1024\" height=\"476\" src=\"https:\/\/lienis.landplaninfo.ch\/wp-content\/uploads\/2025\/09\/1000024193-1024x476.jpg\" alt=\"\" class=\"wp-image-8501\" srcset=\"http:\/\/lienis.landplaninfo.ch\/wp-content\/uploads\/2025\/09\/1000024193-1024x476.jpg 1024w, http:\/\/lienis.landplaninfo.ch\/wp-content\/uploads\/2025\/09\/1000024193-300x139.jpg 300w, http:\/\/lienis.landplaninfo.ch\/wp-content\/uploads\/2025\/09\/1000024193-768x357.jpg 768w, http:\/\/lienis.landplaninfo.ch\/wp-content\/uploads\/2025\/09\/1000024193-1536x714.jpg 1536w, http:\/\/lienis.landplaninfo.ch\/wp-content\/uploads\/2025\/09\/1000024193-2048x952.jpg 2048w, http:\/\/lienis.landplaninfo.ch\/wp-content\/uploads\/2025\/09\/1000024193-1568x729.jpg 1568w\" sizes=\"auto, (max-width: 1024px) 100vw, 1024px\" \/><\/a><\/figure>\n","protected":false},"excerpt":{"rendered":"<p>Das erste Mal seit langer Zeit beginnen wir den Tag nicht im Herbstnebel, sondern grad bei blauem Himmel. Es geht heute \u00fcber die letzten beide Pyren\u00e4enp\u00e4sse und das grosse Ziel ist am Abend noch im Mittelmeer zu baden. Zuerst aber die Arbeit: Rauf auf den Col de Palom\u00e8re. Ein wunderbarer Aufstieg (nicht nur weil er [&hellip;]<\/p>\n","protected":false},"author":1,"featured_media":0,"comment_status":"closed","ping_status":"closed","sticky":false,"template":"","format":"standard","meta":{"footnotes":""},"categories":[9],"tags":[79],"class_list":["post-8494","post","type-post","status-publish","format-standard","hentry","category-andreas","tag-pct25"],"_links":{"self":[{"href":"http:\/\/lienis.landplaninfo.ch\/index.php?rest_route=\/wp\/v2\/posts\/8494","targetHints":{"allow":["GET"]}}],"collection":[{"href":"http:\/\/lienis.landplaninfo.ch\/index.php?rest_route=\/wp\/v2\/posts"}],"about":[{"href":"http:\/\/lienis.landplaninfo.ch\/index.php?rest_route=\/wp\/v2\/types\/post"}],"author":[{"embeddable":true,"href":"http:\/\/lienis.landplaninfo.ch\/index.php?rest_route=\/wp\/v2\/users\/1"}],"replies":[{"embeddable":true,"href":"http:\/\/lienis.landplaninfo.ch\/index.php?rest_route=%2Fwp%2Fv2%2Fcomments&post=8494"}],"version-history":[{"count":7,"href":"http:\/\/lienis.landplaninfo.ch\/index.php?rest_route=\/wp\/v2\/posts\/8494\/revisions"}],"predecessor-version":[{"id":8505,"href":"http:\/\/lienis.landplaninfo.ch\/index.php?rest_route=\/wp\/v2\/posts\/8494\/revisions\/8505"}],"wp:attachment":[{"href":"http:\/\/lienis.landplaninfo.ch\/index.php?rest_route=%2Fwp%2Fv2%2Fmedia&parent=8494"}],"wp:term":[{"taxonomy":"category","embeddable":true,"href":"http:\/\/lienis.landplaninfo.ch\/index.php?rest_route=%2Fwp%2Fv2%2Fcategories&post=8494"},{"taxonomy":"post_tag","embeddable":true,"href":"http:\/\/lienis.landplaninfo.ch\/index.php?rest_route=%2Fwp%2Fv2%2Ftags&post=8494"}],"curies":[{"name":"wp","href":"https:\/\/api.w.org\/{rel}","templated":true}]}}