{"id":8481,"date":"2025-09-17T16:21:39","date_gmt":"2025-09-17T14:21:39","guid":{"rendered":"https:\/\/lienis.landplaninfo.ch\/?p=8481"},"modified":"2025-09-17T20:55:05","modified_gmt":"2025-09-17T18:55:05","slug":"pyrenaeen-cycling-tour-etappe-12","status":"publish","type":"post","link":"http:\/\/lienis.landplaninfo.ch\/?p=8481","title":{"rendered":"Pyren\u00e4en Cycling Tour &#8211; Etappe 12"},"content":{"rendered":"\n<figure class=\"wp-block-image size-full\"><a href=\"https:\/\/lienis.landplaninfo.ch\/wp-content\/uploads\/2025\/09\/1000024080.png\"><img loading=\"lazy\" decoding=\"async\" width=\"1024\" height=\"1024\" src=\"https:\/\/lienis.landplaninfo.ch\/wp-content\/uploads\/2025\/09\/1000024080.png\" alt=\"\" class=\"wp-image-8485\" srcset=\"http:\/\/lienis.landplaninfo.ch\/wp-content\/uploads\/2025\/09\/1000024080.png 1024w, http:\/\/lienis.landplaninfo.ch\/wp-content\/uploads\/2025\/09\/1000024080-300x300.png 300w, http:\/\/lienis.landplaninfo.ch\/wp-content\/uploads\/2025\/09\/1000024080-150x150.png 150w, http:\/\/lienis.landplaninfo.ch\/wp-content\/uploads\/2025\/09\/1000024080-768x768.png 768w\" sizes=\"auto, (max-width: 1024px) 100vw, 1024px\" \/><\/a><\/figure>\n\n\n<p>Nach einem wunderbaren Znacht, wie man es sich f\u00fcr Frankreich im besten Fall so vorstellt (Terinne \u00e0 la grand m\u00e8re, Pate maison &#8218;Carbonaraart&#8216;,<a href=\"http:\/\/lienis.landplaninfo.ch\/wp-content\/uploads\/2025\/09\/20250916_194646-scaled.jpg\"><img loading=\"lazy\" decoding=\"async\" class=\"alignleft size-thumbnail wp-image-8486\" src=\"http:\/\/lienis.landplaninfo.ch\/wp-content\/uploads\/2025\/09\/20250916_194646-150x150.jpg\" alt=\"\" width=\"150\" height=\"150\" \/><\/a> Tarte tatin, dazu tolle Weine und ein spitzen Calvados) gabs viel Schlaf, um ausgeruht in die heutige Etappe 12 zu starten. Wie gewohnt nebelverhangen und um die fr\u00f6steligen gef\u00fchlten 10\u00b0 starten wir und glauben noch nicht an die Prognosen, die f\u00fcr heute 30\u00b0 ansagen. Aber rasch kommen wir aus dem Morgennebel und auf traumhaften Nebenstrassen, wo nur sehr selten ein Auto vorbeikommt, und es geht von den alpen\u00e4hnlichen Pyren\u00e4en in eine mediterrane Landschaft zu der die rasch steigenden Temperaturen hervorragend passen. Auch die H\u00fcgel wirken sanfter und die Anstiege passen hervorragend, um in hoher Kadenz hochzukurbeln und um keine kleineren G\u00e4nge zu vermissen. Die Maggia wirkt karg, zum ersten mal stehen nicht \u00fcberall Schafe, K\u00fche oder Pferde in den B\u00fcschen, daf\u00fcr Pinien, Zypressen und vereinzelt Oliven in den W\u00e4ldern. Dabei sichte ich mit einem Reh am Wegrand das erste gr\u00f6ssere Wildtier das keine Fl\u00fcgel hat auf der ganzen Tour. So nehmen wir nacheinander den Col de St.Louis (der uns in der Abfahrt mit kunstvoller Wegf\u00fchrung und Br\u00fccke eine 360\u00b0 Kurve bietet), den Col d&#8217;Aussi\u00e8res (Bei dem nicht so klar ist, warum es nach dem Col weiter rauf und runter geht bis die Abfahrt endlich startet) und nach einer Croq monsieur in der Bar (weil wir das Resti 20 m weiter \u00fcbersehen hatten) zum Schluss noch \u00fcber den Col de Roque Jal\u00e8re. Diesen letzten dann tats\u00e4chlich in br\u00fctender Mittelmeerhitze, so dass der Pool <a href=\"http:\/\/lienis.landplaninfo.ch\/wp-content\/uploads\/2025\/09\/20250917_164520-scaled.jpg\"><img loading=\"lazy\" decoding=\"async\" class=\"alignright size-thumbnail wp-image-8489\" src=\"http:\/\/lienis.landplaninfo.ch\/wp-content\/uploads\/2025\/09\/20250917_164520-150x150.jpg\" alt=\"\" width=\"150\" height=\"150\" \/><\/a>im Chambre d&#8217;h\u00f4te grad richtig gelegen kommt. R\u00fcckblickend verbl\u00fcffend, wie wir nach langen Tagen in den zum Teil sehr alpen\u00e4hnlichen Hoch-Pyren\u00e4en, innerhalb weniger Kilometer in eine komplett andere neue Landschaft gefahren sind. Mittelmeer wir kommen!<br \/><iframe loading=\"lazy\" title=\"YouTube video player\" src=\"https:\/\/www.youtube.com\/embed\/etJZ7Q0vW54?si=-1ale7tBH_QrqnOS\" width=\"560\" height=\"315\" frameborder=\"0\" allowfullscreen=\"allowfullscreen\"><\/iframe><\/p>\n\n\n<figure class=\"wp-block-image size-large\"><a href=\"https:\/\/lienis.landplaninfo.ch\/wp-content\/uploads\/2025\/09\/1000024078.jpg\"><img loading=\"lazy\" decoding=\"async\" width=\"1024\" height=\"476\" src=\"https:\/\/lienis.landplaninfo.ch\/wp-content\/uploads\/2025\/09\/1000024078-1024x476.jpg\" alt=\"\" class=\"wp-image-8483\" srcset=\"http:\/\/lienis.landplaninfo.ch\/wp-content\/uploads\/2025\/09\/1000024078-1024x476.jpg 1024w, http:\/\/lienis.landplaninfo.ch\/wp-content\/uploads\/2025\/09\/1000024078-300x139.jpg 300w, http:\/\/lienis.landplaninfo.ch\/wp-content\/uploads\/2025\/09\/1000024078-768x357.jpg 768w, http:\/\/lienis.landplaninfo.ch\/wp-content\/uploads\/2025\/09\/1000024078-1536x714.jpg 1536w, http:\/\/lienis.landplaninfo.ch\/wp-content\/uploads\/2025\/09\/1000024078-2048x952.jpg 2048w, http:\/\/lienis.landplaninfo.ch\/wp-content\/uploads\/2025\/09\/1000024078-1568x729.jpg 1568w\" sizes=\"auto, (max-width: 1024px) 100vw, 1024px\" \/><\/a><\/figure>\n","protected":false},"excerpt":{"rendered":"<p>Nach einem wunderbaren Znacht, wie man es sich f\u00fcr Frankreich im besten Fall so vorstellt (Terinne \u00e0 la grand m\u00e8re, Pate maison &#8218;Carbonaraart&#8216;, Tarte tatin, dazu tolle Weine und ein spitzen Calvados) gabs viel Schlaf, um ausgeruht in die heutige Etappe 12 zu starten. Wie gewohnt nebelverhangen und um die fr\u00f6steligen gef\u00fchlten 10\u00b0 starten wir [&hellip;]<\/p>\n","protected":false},"author":1,"featured_media":0,"comment_status":"closed","ping_status":"closed","sticky":false,"template":"","format":"standard","meta":{"footnotes":""},"categories":[9],"tags":[79],"class_list":["post-8481","post","type-post","status-publish","format-standard","hentry","category-andreas","tag-pct25"],"_links":{"self":[{"href":"http:\/\/lienis.landplaninfo.ch\/index.php?rest_route=\/wp\/v2\/posts\/8481","targetHints":{"allow":["GET"]}}],"collection":[{"href":"http:\/\/lienis.landplaninfo.ch\/index.php?rest_route=\/wp\/v2\/posts"}],"about":[{"href":"http:\/\/lienis.landplaninfo.ch\/index.php?rest_route=\/wp\/v2\/types\/post"}],"author":[{"embeddable":true,"href":"http:\/\/lienis.landplaninfo.ch\/index.php?rest_route=\/wp\/v2\/users\/1"}],"replies":[{"embeddable":true,"href":"http:\/\/lienis.landplaninfo.ch\/index.php?rest_route=%2Fwp%2Fv2%2Fcomments&post=8481"}],"version-history":[{"count":6,"href":"http:\/\/lienis.landplaninfo.ch\/index.php?rest_route=\/wp\/v2\/posts\/8481\/revisions"}],"predecessor-version":[{"id":8492,"href":"http:\/\/lienis.landplaninfo.ch\/index.php?rest_route=\/wp\/v2\/posts\/8481\/revisions\/8492"}],"wp:attachment":[{"href":"http:\/\/lienis.landplaninfo.ch\/index.php?rest_route=%2Fwp%2Fv2%2Fmedia&parent=8481"}],"wp:term":[{"taxonomy":"category","embeddable":true,"href":"http:\/\/lienis.landplaninfo.ch\/index.php?rest_route=%2Fwp%2Fv2%2Fcategories&post=8481"},{"taxonomy":"post_tag","embeddable":true,"href":"http:\/\/lienis.landplaninfo.ch\/index.php?rest_route=%2Fwp%2Fv2%2Ftags&post=8481"}],"curies":[{"name":"wp","href":"https:\/\/api.w.org\/{rel}","templated":true}]}}