{"id":8466,"date":"2025-09-16T16:48:13","date_gmt":"2025-09-16T14:48:13","guid":{"rendered":"https:\/\/lienis.landplaninfo.ch\/?p=8466"},"modified":"2025-09-16T20:50:00","modified_gmt":"2025-09-16T18:50:00","slug":"pyrenaeen-cycling-tour-etappe-11","status":"publish","type":"post","link":"http:\/\/lienis.landplaninfo.ch\/?p=8466","title":{"rendered":"Pyren\u00e4en Cycling Tour &#8211; Etappe 11"},"content":{"rendered":"\n<figure class=\"wp-block-image size-large\"><a href=\"https:\/\/lienis.landplaninfo.ch\/wp-content\/uploads\/2025\/09\/1000024000.png\"><img loading=\"lazy\" decoding=\"async\" width=\"683\" height=\"1024\" src=\"https:\/\/lienis.landplaninfo.ch\/wp-content\/uploads\/2025\/09\/1000024000-683x1024.png\" alt=\"\" class=\"wp-image-8475\" srcset=\"http:\/\/lienis.landplaninfo.ch\/wp-content\/uploads\/2025\/09\/1000024000-683x1024.png 683w, http:\/\/lienis.landplaninfo.ch\/wp-content\/uploads\/2025\/09\/1000024000-200x300.png 200w, http:\/\/lienis.landplaninfo.ch\/wp-content\/uploads\/2025\/09\/1000024000-768x1152.png 768w, http:\/\/lienis.landplaninfo.ch\/wp-content\/uploads\/2025\/09\/1000024000.png 1024w\" sizes=\"auto, (max-width: 683px) 100vw, 683px\" \/><\/a><\/figure>\n\n\n\n<figure class=\"wp-block-gallery has-nested-images columns-default is-cropped wp-block-gallery-1 is-layout-flex wp-block-gallery-is-layout-flex\">\n<figure class=\"wp-block-image size-large\"><a href=\"https:\/\/lienis.landplaninfo.ch\/wp-content\/uploads\/2025\/09\/1000023929-scaled.jpg\"><img loading=\"lazy\" decoding=\"async\" width=\"1024\" height=\"577\" data-id=\"8470\" src=\"https:\/\/lienis.landplaninfo.ch\/wp-content\/uploads\/2025\/09\/1000023929-1024x577.jpg\" alt=\"\" class=\"wp-image-8470\" srcset=\"http:\/\/lienis.landplaninfo.ch\/wp-content\/uploads\/2025\/09\/1000023929-1024x577.jpg 1024w, http:\/\/lienis.landplaninfo.ch\/wp-content\/uploads\/2025\/09\/1000023929-300x169.jpg 300w, http:\/\/lienis.landplaninfo.ch\/wp-content\/uploads\/2025\/09\/1000023929-768x432.jpg 768w, http:\/\/lienis.landplaninfo.ch\/wp-content\/uploads\/2025\/09\/1000023929-1536x865.jpg 1536w, http:\/\/lienis.landplaninfo.ch\/wp-content\/uploads\/2025\/09\/1000023929-2048x1153.jpg 2048w, http:\/\/lienis.landplaninfo.ch\/wp-content\/uploads\/2025\/09\/1000023929-1568x883.jpg 1568w\" sizes=\"auto, (max-width: 1024px) 100vw, 1024px\" \/><\/a><\/figure>\n\n\n\n<figure class=\"wp-block-image size-large\"><a href=\"https:\/\/lienis.landplaninfo.ch\/wp-content\/uploads\/2025\/09\/1000023930-scaled.jpg\"><img loading=\"lazy\" decoding=\"async\" width=\"1024\" height=\"577\" data-id=\"8471\" src=\"https:\/\/lienis.landplaninfo.ch\/wp-content\/uploads\/2025\/09\/1000023930-1024x577.jpg\" alt=\"\" class=\"wp-image-8471\" srcset=\"http:\/\/lienis.landplaninfo.ch\/wp-content\/uploads\/2025\/09\/1000023930-1024x577.jpg 1024w, http:\/\/lienis.landplaninfo.ch\/wp-content\/uploads\/2025\/09\/1000023930-300x169.jpg 300w, http:\/\/lienis.landplaninfo.ch\/wp-content\/uploads\/2025\/09\/1000023930-768x432.jpg 768w, http:\/\/lienis.landplaninfo.ch\/wp-content\/uploads\/2025\/09\/1000023930-1536x865.jpg 1536w, http:\/\/lienis.landplaninfo.ch\/wp-content\/uploads\/2025\/09\/1000023930-2048x1153.jpg 2048w, http:\/\/lienis.landplaninfo.ch\/wp-content\/uploads\/2025\/09\/1000023930-1568x883.jpg 1568w\" sizes=\"auto, (max-width: 1024px) 100vw, 1024px\" \/><\/a><\/figure>\n\n\n\n<figure class=\"wp-block-image size-large\"><a href=\"https:\/\/lienis.landplaninfo.ch\/wp-content\/uploads\/2025\/09\/1000023931-scaled.jpg\"><img loading=\"lazy\" decoding=\"async\" width=\"1024\" height=\"577\" data-id=\"8469\" src=\"https:\/\/lienis.landplaninfo.ch\/wp-content\/uploads\/2025\/09\/1000023931-1024x577.jpg\" alt=\"\" class=\"wp-image-8469\" srcset=\"http:\/\/lienis.landplaninfo.ch\/wp-content\/uploads\/2025\/09\/1000023931-1024x577.jpg 1024w, http:\/\/lienis.landplaninfo.ch\/wp-content\/uploads\/2025\/09\/1000023931-300x169.jpg 300w, http:\/\/lienis.landplaninfo.ch\/wp-content\/uploads\/2025\/09\/1000023931-768x432.jpg 768w, http:\/\/lienis.landplaninfo.ch\/wp-content\/uploads\/2025\/09\/1000023931-1536x865.jpg 1536w, http:\/\/lienis.landplaninfo.ch\/wp-content\/uploads\/2025\/09\/1000023931-2048x1153.jpg 2048w, http:\/\/lienis.landplaninfo.ch\/wp-content\/uploads\/2025\/09\/1000023931-1568x883.jpg 1568w\" sizes=\"auto, (max-width: 1024px) 100vw, 1024px\" \/><\/a><\/figure>\n\n\n\n<figure class=\"wp-block-image size-large\"><a href=\"https:\/\/lienis.landplaninfo.ch\/wp-content\/uploads\/2025\/09\/1000023947-scaled.jpg\"><img loading=\"lazy\" decoding=\"async\" width=\"1024\" height=\"577\" data-id=\"8472\" src=\"https:\/\/lienis.landplaninfo.ch\/wp-content\/uploads\/2025\/09\/1000023947-1024x577.jpg\" alt=\"\" class=\"wp-image-8472\" srcset=\"http:\/\/lienis.landplaninfo.ch\/wp-content\/uploads\/2025\/09\/1000023947-1024x577.jpg 1024w, http:\/\/lienis.landplaninfo.ch\/wp-content\/uploads\/2025\/09\/1000023947-300x169.jpg 300w, http:\/\/lienis.landplaninfo.ch\/wp-content\/uploads\/2025\/09\/1000023947-768x432.jpg 768w, http:\/\/lienis.landplaninfo.ch\/wp-content\/uploads\/2025\/09\/1000023947-1536x865.jpg 1536w, http:\/\/lienis.landplaninfo.ch\/wp-content\/uploads\/2025\/09\/1000023947-2048x1153.jpg 2048w, http:\/\/lienis.landplaninfo.ch\/wp-content\/uploads\/2025\/09\/1000023947-1568x883.jpg 1568w\" sizes=\"auto, (max-width: 1024px) 100vw, 1024px\" \/><\/a><\/figure>\n\n\n\n<figure class=\"wp-block-image size-large\"><a href=\"https:\/\/lienis.landplaninfo.ch\/wp-content\/uploads\/2025\/09\/1000023949-scaled.jpg\"><img loading=\"lazy\" decoding=\"async\" width=\"1024\" height=\"577\" data-id=\"8473\" src=\"https:\/\/lienis.landplaninfo.ch\/wp-content\/uploads\/2025\/09\/1000023949-1024x577.jpg\" alt=\"\" class=\"wp-image-8473\" srcset=\"http:\/\/lienis.landplaninfo.ch\/wp-content\/uploads\/2025\/09\/1000023949-1024x577.jpg 1024w, http:\/\/lienis.landplaninfo.ch\/wp-content\/uploads\/2025\/09\/1000023949-300x169.jpg 300w, http:\/\/lienis.landplaninfo.ch\/wp-content\/uploads\/2025\/09\/1000023949-768x432.jpg 768w, http:\/\/lienis.landplaninfo.ch\/wp-content\/uploads\/2025\/09\/1000023949-1536x865.jpg 1536w, http:\/\/lienis.landplaninfo.ch\/wp-content\/uploads\/2025\/09\/1000023949-2048x1153.jpg 2048w, http:\/\/lienis.landplaninfo.ch\/wp-content\/uploads\/2025\/09\/1000023949-1568x883.jpg 1568w\" sizes=\"auto, (max-width: 1024px) 100vw, 1024px\" \/><\/a><\/figure>\n<\/figure>\n\n\n<p>Nach den ausgiebigen &#8218;Ruhetag&#8216;-Schlemmereien gestern, war nur bedingt an Schlaf zu denken. Schon klar, warum die Tour de France Stars ihren K\u00fcchenbus dabei haben und nicht einfach in den lokalen Beizen Fritiertes etc. essen. Aber wir lernen und haben f\u00fcr heute das Sportlerriegelsortiment aufgef\u00fcllt, was wegen fehlender Beiz unterwegs dann auch zum Einsatz kam und tats\u00e4chlich besser vertr\u00e4glich ist als Frites mit irgendwas. So entpuppte sich die heutige Etappe \u00fcber den Col de Pailh\u00e9res, die erst mal 45 km bergauf und dann 46 km wieder runter f\u00fchrte, als weniger schlauchend wie bef\u00fcrchtet. Gestartet, nach wieder einmal gutem Kaffee, im Herbstnebel und die ersten 25 km bis Ax-les-Thermes meist auf einer viel zu stark befahrenen Haupstrasse mit vielen Lastwagen. Danach bogen die Lastwagen nach Spanien ab und der Aufstieg zum Pass auf angenehmer und wenig befahrener Strasse begann, wobei die ersten 10 km mit meist unter 7% sehr angenehm anstiegen. Die letzten 5 km wurden es zwar dann auch wieder zwischen 8 und 11%, aber die Aussichtsfoto-Halte, die Isostar-Riegel und die Schlangenadlerbeobachtungen (Dank an Lukas f\u00fcrs Bestimmen) halfen das gut \u00fcber die Runden zu bringen. Belohnt wurden wir mit einer der tollsten Abfahrten ever. Fast 2h ununterbrochenes Abfahren, zuerst durch die engen Serpetinen durch die Alpweiden, dann durch wilde Eichen und Kastanienw\u00e4lder und schliesslich w\u00e4hrend 20 km durch tief eingeschnittene Kalkschluchten entlang der wilden l&#8217;Aude, \u00fcber der zum Dessert auch wieder einmal ein paar Geier kreisten. So kamen wir p\u00fcnktlich zum fr\u00fchsten Checkin ins Hotel; und nicht wie bef\u00fcrchet zum sp\u00e4test m\u00f6glichen.<\/p>\n<p>(Und fals sich jemand fragt warum ein Velofahrer im Wasser f\u00e4hrt: Habe ich ChatGPT auch gefragt und folgende Antwort erhalten:<\/p>\n<p>Der Grund ist, dass die Bildgenerierung das gew\u00fcnschte Setting (\u201eenge Stra\u00dfe mit Wildbach daneben\u201c) nicht ganz korrekt umgesetzt hat. Statt beide Rennvelofahrer klar auf der schmalen Stra\u00dfe zu platzieren, ist einer etwas zu weit nach rechts geraten \u2013 so, dass es aussieht, als w\u00fcrde er mitten im Bach fahren.<\/p>\n<p>Wenn du magst, kann ich das Bild so anpassen, dass <strong data-start=\"385\" data-end=\"426\">beide Fahrer eindeutig auf der Stra\u00dfe<\/strong> bleiben und der Bach wirklich nur daneben flie\u00dft. M\u00f6chtest du, dass ich das korrigiere?<\/p>\n<p>Das Bild oben ist \u00fcbrigens, die von Chat GPT so &#8218;korrigierte&#8216; Version \ud83d\ude02)<\/p>\n<p><iframe loading=\"lazy\" title=\"YouTube video player\" src=\"https:\/\/www.youtube.com\/embed\/W1Ie1AtJH8U?si=z0w_Fp62OVYpIYPg\" width=\"560\" height=\"315\" frameborder=\"0\" allowfullscreen=\"allowfullscreen\"><\/iframe><\/p>\n\n\n<figure class=\"wp-block-image size-large\"><a href=\"https:\/\/lienis.landplaninfo.ch\/wp-content\/uploads\/2025\/09\/1000023996.jpg\"><img loading=\"lazy\" decoding=\"async\" width=\"1024\" height=\"463\" src=\"https:\/\/lienis.landplaninfo.ch\/wp-content\/uploads\/2025\/09\/1000023996-1024x463.jpg\" alt=\"\" class=\"wp-image-8474\" srcset=\"http:\/\/lienis.landplaninfo.ch\/wp-content\/uploads\/2025\/09\/1000023996-1024x463.jpg 1024w, http:\/\/lienis.landplaninfo.ch\/wp-content\/uploads\/2025\/09\/1000023996-300x136.jpg 300w, http:\/\/lienis.landplaninfo.ch\/wp-content\/uploads\/2025\/09\/1000023996-768x347.jpg 768w, http:\/\/lienis.landplaninfo.ch\/wp-content\/uploads\/2025\/09\/1000023996-1536x695.jpg 1536w, http:\/\/lienis.landplaninfo.ch\/wp-content\/uploads\/2025\/09\/1000023996-2048x927.jpg 2048w, http:\/\/lienis.landplaninfo.ch\/wp-content\/uploads\/2025\/09\/1000023996-1568x709.jpg 1568w\" sizes=\"auto, (max-width: 1024px) 100vw, 1024px\" \/><\/a><\/figure>\n","protected":false},"excerpt":{"rendered":"<p>Nach den ausgiebigen &#8218;Ruhetag&#8216;-Schlemmereien gestern, war nur bedingt an Schlaf zu denken. Schon klar, warum die Tour de France Stars ihren K\u00fcchenbus dabei haben und nicht einfach in den lokalen Beizen Fritiertes etc. essen. Aber wir lernen und haben f\u00fcr heute das Sportlerriegelsortiment aufgef\u00fcllt, was wegen fehlender Beiz unterwegs dann auch zum Einsatz kam und [&hellip;]<\/p>\n","protected":false},"author":1,"featured_media":0,"comment_status":"closed","ping_status":"closed","sticky":false,"template":"","format":"standard","meta":{"footnotes":""},"categories":[9],"tags":[79],"class_list":["post-8466","post","type-post","status-publish","format-standard","hentry","category-andreas","tag-pct25"],"_links":{"self":[{"href":"http:\/\/lienis.landplaninfo.ch\/index.php?rest_route=\/wp\/v2\/posts\/8466","targetHints":{"allow":["GET"]}}],"collection":[{"href":"http:\/\/lienis.landplaninfo.ch\/index.php?rest_route=\/wp\/v2\/posts"}],"about":[{"href":"http:\/\/lienis.landplaninfo.ch\/index.php?rest_route=\/wp\/v2\/types\/post"}],"author":[{"embeddable":true,"href":"http:\/\/lienis.landplaninfo.ch\/index.php?rest_route=\/wp\/v2\/users\/1"}],"replies":[{"embeddable":true,"href":"http:\/\/lienis.landplaninfo.ch\/index.php?rest_route=%2Fwp%2Fv2%2Fcomments&post=8466"}],"version-history":[{"count":5,"href":"http:\/\/lienis.landplaninfo.ch\/index.php?rest_route=\/wp\/v2\/posts\/8466\/revisions"}],"predecessor-version":[{"id":8478,"href":"http:\/\/lienis.landplaninfo.ch\/index.php?rest_route=\/wp\/v2\/posts\/8466\/revisions\/8478"}],"wp:attachment":[{"href":"http:\/\/lienis.landplaninfo.ch\/index.php?rest_route=%2Fwp%2Fv2%2Fmedia&parent=8466"}],"wp:term":[{"taxonomy":"category","embeddable":true,"href":"http:\/\/lienis.landplaninfo.ch\/index.php?rest_route=%2Fwp%2Fv2%2Fcategories&post=8466"},{"taxonomy":"post_tag","embeddable":true,"href":"http:\/\/lienis.landplaninfo.ch\/index.php?rest_route=%2Fwp%2Fv2%2Ftags&post=8466"}],"curies":[{"name":"wp","href":"https:\/\/api.w.org\/{rel}","templated":true}]}}