{"id":8429,"date":"2025-09-15T16:22:42","date_gmt":"2025-09-15T14:22:42","guid":{"rendered":"https:\/\/lienis.landplaninfo.ch\/?p=8429"},"modified":"2025-09-15T20:58:04","modified_gmt":"2025-09-15T18:58:04","slug":"pyrenaeen-cycling-tour-etappe-10","status":"publish","type":"post","link":"http:\/\/lienis.landplaninfo.ch\/?p=8429","title":{"rendered":"Pyren\u00e4en Cycling Tour &#8211; Etappe 10"},"content":{"rendered":"\n<figure class=\"wp-block-image size-large\"><a href=\"https:\/\/lienis.landplaninfo.ch\/wp-content\/uploads\/2025\/09\/1000023933.png\"><img loading=\"lazy\" decoding=\"async\" width=\"1024\" height=\"683\" src=\"https:\/\/lienis.landplaninfo.ch\/wp-content\/uploads\/2025\/09\/1000023933-1024x683.png\" alt=\"\" class=\"wp-image-8432\" srcset=\"http:\/\/lienis.landplaninfo.ch\/wp-content\/uploads\/2025\/09\/1000023933-1024x683.png 1024w, http:\/\/lienis.landplaninfo.ch\/wp-content\/uploads\/2025\/09\/1000023933-300x200.png 300w, http:\/\/lienis.landplaninfo.ch\/wp-content\/uploads\/2025\/09\/1000023933-768x512.png 768w, http:\/\/lienis.landplaninfo.ch\/wp-content\/uploads\/2025\/09\/1000023933.png 1536w\" sizes=\"auto, (max-width: 1024px) 100vw, 1024px\" \/><\/a><\/figure>\n\n\n<p>Der Tag begann mit einem etwas lieblosen Zmorgenbuffet (eingeschweisster Fabrikemmentaler sind wir in Frankreich bisher nicht gewohnt), starten wir in den &#8218;Ruhetag&#8216;. Immerhin hatte die Wirtin nicht recht als sie uns gestern Abend f\u00fcr heute einen Velotag im Regen versprochen hatte. In R\u00fccksichtnahme auf die vergangenen Anstrengungen und die Wetterprognosen, die am sp\u00e4teren Nachmittag etwas Regen voraussagen, haben wir gut geplant, einen Pass am Weg ausgelassen f\u00fcr weniger km und H\u00f6henmeter und ein Hotel mit Checkin ab 14.00 gebucht. Immerhin ist heute Knabenschiessen in Z\u00fcrich und damit der halbe Tag frei; machen wir also auch so.<br \/>Das Einfahren gestaltete sich mit leicht ansteigendem Gel\u00e4nde in einem vertr\u00e4umten Tal im Herbstnebel ganz angenehm. Als dann der Aufstieg zum Col d&#8217;Agnes begann kamen wir trotzem schnell wieder ins Schwitzen. Ein toller Pass in wunderbarer Landschaft und ein kleines bisschen zu steil f\u00fcr so einen angesagten Ruhetag.<br \/>Nach dem Pass gehts durchs Herz des Parc naturell des Pyren\u00e9es Ari\u00e8geoise. Das Wetter zeigt sich noch von seiner besten Seite und l\u00e4sst uns die Landschaft in vollen Z\u00fcgen geniessen. Daran \u00e4ndert auch der zweite kurze Aufstieg zur Port de Lers nichts. Es folgt eine wunderbare Abfahrt die stellenweise zum richtig schnell laufen lassen, einlud. So schaffen wir es bis 13.30 zum Hotel und k\u00f6nnen zuerst mal richtig zum Mittag schlemmen (es wartet ja kein Aufstieg mehr, ausser dem in den zweiten Stock, um die Beine auf dem Bett auszustrecken.)<br \/>So bleibt nun doch noch reichlich Erholungszeit, Zeit zum Fahrrad-retablieren und um viel verschwitzes Zeugs zu waschen.<br \/><iframe loading=\"lazy\" title=\"YouTube video player\" src=\"https:\/\/www.youtube.com\/embed\/iOqK-r0WhKM?si=k7VlIm6_bBh268rX\" width=\"560\" height=\"315\" frameborder=\"0\" allowfullscreen=\"allowfullscreen\"><\/iframe><\/p>\n\n\n<figure class=\"wp-block-image size-large\"><a href=\"https:\/\/lienis.landplaninfo.ch\/wp-content\/uploads\/2025\/09\/1000023946.jpg\"><img loading=\"lazy\" decoding=\"async\" width=\"1024\" height=\"471\" src=\"https:\/\/lienis.landplaninfo.ch\/wp-content\/uploads\/2025\/09\/1000023946-1024x471.jpg\" alt=\"\" class=\"wp-image-8462\" srcset=\"http:\/\/lienis.landplaninfo.ch\/wp-content\/uploads\/2025\/09\/1000023946-1024x471.jpg 1024w, http:\/\/lienis.landplaninfo.ch\/wp-content\/uploads\/2025\/09\/1000023946-300x138.jpg 300w, http:\/\/lienis.landplaninfo.ch\/wp-content\/uploads\/2025\/09\/1000023946-768x354.jpg 768w, http:\/\/lienis.landplaninfo.ch\/wp-content\/uploads\/2025\/09\/1000023946-1536x707.jpg 1536w, http:\/\/lienis.landplaninfo.ch\/wp-content\/uploads\/2025\/09\/1000023946-2048x943.jpg 2048w, http:\/\/lienis.landplaninfo.ch\/wp-content\/uploads\/2025\/09\/1000023946-1568x722.jpg 1568w\" sizes=\"auto, (max-width: 1024px) 100vw, 1024px\" \/><\/a><\/figure>\n","protected":false},"excerpt":{"rendered":"<p>Der Tag begann mit einem etwas lieblosen Zmorgenbuffet (eingeschweisster Fabrikemmentaler sind wir in Frankreich bisher nicht gewohnt), starten wir in den &#8218;Ruhetag&#8216;. Immerhin hatte die Wirtin nicht recht als sie uns gestern Abend f\u00fcr heute einen Velotag im Regen versprochen hatte. In R\u00fccksichtnahme auf die vergangenen Anstrengungen und die Wetterprognosen, die am sp\u00e4teren Nachmittag etwas [&hellip;]<\/p>\n","protected":false},"author":1,"featured_media":0,"comment_status":"closed","ping_status":"closed","sticky":false,"template":"","format":"standard","meta":{"footnotes":""},"categories":[9],"tags":[79],"class_list":["post-8429","post","type-post","status-publish","format-standard","hentry","category-andreas","tag-pct25"],"_links":{"self":[{"href":"http:\/\/lienis.landplaninfo.ch\/index.php?rest_route=\/wp\/v2\/posts\/8429","targetHints":{"allow":["GET"]}}],"collection":[{"href":"http:\/\/lienis.landplaninfo.ch\/index.php?rest_route=\/wp\/v2\/posts"}],"about":[{"href":"http:\/\/lienis.landplaninfo.ch\/index.php?rest_route=\/wp\/v2\/types\/post"}],"author":[{"embeddable":true,"href":"http:\/\/lienis.landplaninfo.ch\/index.php?rest_route=\/wp\/v2\/users\/1"}],"replies":[{"embeddable":true,"href":"http:\/\/lienis.landplaninfo.ch\/index.php?rest_route=%2Fwp%2Fv2%2Fcomments&post=8429"}],"version-history":[{"count":5,"href":"http:\/\/lienis.landplaninfo.ch\/index.php?rest_route=\/wp\/v2\/posts\/8429\/revisions"}],"predecessor-version":[{"id":8463,"href":"http:\/\/lienis.landplaninfo.ch\/index.php?rest_route=\/wp\/v2\/posts\/8429\/revisions\/8463"}],"wp:attachment":[{"href":"http:\/\/lienis.landplaninfo.ch\/index.php?rest_route=%2Fwp%2Fv2%2Fmedia&parent=8429"}],"wp:term":[{"taxonomy":"category","embeddable":true,"href":"http:\/\/lienis.landplaninfo.ch\/index.php?rest_route=%2Fwp%2Fv2%2Fcategories&post=8429"},{"taxonomy":"post_tag","embeddable":true,"href":"http:\/\/lienis.landplaninfo.ch\/index.php?rest_route=%2Fwp%2Fv2%2Ftags&post=8429"}],"curies":[{"name":"wp","href":"https:\/\/api.w.org\/{rel}","templated":true}]}}