{"id":8398,"date":"2025-09-12T16:26:32","date_gmt":"2025-09-12T14:26:32","guid":{"rendered":"https:\/\/lienis.landplaninfo.ch\/?p=8398"},"modified":"2025-09-15T20:55:56","modified_gmt":"2025-09-15T18:55:56","slug":"pyrenaeen-cycling-tour-etappe-7","status":"publish","type":"post","link":"http:\/\/lienis.landplaninfo.ch\/?p=8398","title":{"rendered":"Pyren\u00e4en Cycling Tour &#8211; Etappe 7"},"content":{"rendered":"\n<figure class=\"wp-block-image size-full\"><a href=\"https:\/\/lienis.landplaninfo.ch\/wp-content\/uploads\/2025\/09\/1000023783.png\"><img loading=\"lazy\" decoding=\"async\" width=\"1024\" height=\"1024\" src=\"https:\/\/lienis.landplaninfo.ch\/wp-content\/uploads\/2025\/09\/1000023783.png\" alt=\"\" class=\"wp-image-8401\" srcset=\"http:\/\/lienis.landplaninfo.ch\/wp-content\/uploads\/2025\/09\/1000023783.png 1024w, http:\/\/lienis.landplaninfo.ch\/wp-content\/uploads\/2025\/09\/1000023783-300x300.png 300w, http:\/\/lienis.landplaninfo.ch\/wp-content\/uploads\/2025\/09\/1000023783-150x150.png 150w, http:\/\/lienis.landplaninfo.ch\/wp-content\/uploads\/2025\/09\/1000023783-768x768.png 768w\" sizes=\"auto, (max-width: 1024px) 100vw, 1024px\" \/><\/a><\/figure>\n\n\n<p>Esquieze-Sere und Luz-Saint-Saveur sind voll auf Velofahrende Tourmaletbezwinger eingestellt, so fanden sich zur Vorbeitung sogar auf der franz\u00f6sisch Speisekarte Spaghetti Bolognese. Kann man vern\u00fcftig als Hauptgang (R\u00fcfi) bestellen oder unvern\u00fcftig zur Vorspeise (Lieni), was in der K\u00fcche immerhin die Frage aufwirft, ob das Velofahrer bestellt h\u00e4tten (Also evtl. doch nicht ganz ungew\u00f6hnlich hier). Wolkenverhangene Bergh\u00e4nge aber trocken und laut Meteo sind Aufhellungen zu erwarten. Also beste Bedingungen um das Dach unserer Pyren\u00e4entour, den legend\u00e4ren Tourmalet zu erklimmen. Je weiter hoch wir kommen, desto eher lassen kleinere L\u00f6cher zwischen den Wolken und Nebelschwaden auch mal etwas Aussicht zu. Der Pass ist lang steigt aber angenehm und so bleibt als kleines Highlight die Geburt zweier L\u00e4mmer just w\u00e4hrend einer Verschaufpause in einer Serpertine.<br \/>Nat\u00fcrlich waren wir an dieser Legende der Velop\u00e4sse nicht die Einzigen, die sich auf die 2&#8217;115m hochk\u00e4mpften und die von der Tour de France \u00fcbriggebliebenen zahreichen Strassenmalerein besichtigten. H\u00e4tte ja ruhig auch mal Einer &#8218;Allez R\u00fcLi&#8216; auf die Strasse malen k\u00f6nnen.<br \/>Hinten runter (bzw. einfach auf der anderen Seite runter, l\u00e4sst sich bei einem Pass ja schwer sagen wo vorne und wo hinten ist) gabs dann gar keine Aussicht mehr, ja eigentlich nicht mal einfache Sicht, so dicht war der Nebel. Trotz sichtbedingt langsamer Abfahrt und zus\u00e4tzlichen langen Kleider k\u00fchlten wir komplett aus und waren froh uns unten in einer Pizzeria wieder aufzuw\u00e4rmen. So gest\u00e4rkt ging es in den Col d&#8217;Aspin, der wohl auch noch von der Tour de France her mit frisch geteerten hervorragenden und recht verkehsarmen Strassen ein Genuss zu fahren war und der auf der anderen Seite (oder hinten?) eine lange und rasante Abfahrt bot.<br \/>Beide Col zusammen gaben heute \u00fcber 2&#8217;000 H\u00f6henmeter.<\/p>\n<p><iframe loading=\"lazy\" width=\"560\" height=\"315\" src=\"https:\/\/www.youtube.com\/embed\/MOkOgRcsnSI?si=JFMBI2aEv7VpZ4hO\" title=\"YouTube video player\" frameborder=\"0\" allow=\"accelerometer; autoplay; clipboard-write; encrypted-media; gyroscope; picture-in-picture; web-share\" referrerpolicy=\"strict-origin-when-cross-origin\" allowfullscreen><\/iframe><\/p>\n\n\n<figure class=\"wp-block-image size-large\"><a href=\"https:\/\/lienis.landplaninfo.ch\/wp-content\/uploads\/2025\/09\/1000023943.jpg\"><img loading=\"lazy\" decoding=\"async\" width=\"1024\" height=\"468\" src=\"https:\/\/lienis.landplaninfo.ch\/wp-content\/uploads\/2025\/09\/1000023943-1024x468.jpg\" alt=\"\" class=\"wp-image-8455\" srcset=\"http:\/\/lienis.landplaninfo.ch\/wp-content\/uploads\/2025\/09\/1000023943-1024x468.jpg 1024w, http:\/\/lienis.landplaninfo.ch\/wp-content\/uploads\/2025\/09\/1000023943-300x137.jpg 300w, http:\/\/lienis.landplaninfo.ch\/wp-content\/uploads\/2025\/09\/1000023943-768x351.jpg 768w, http:\/\/lienis.landplaninfo.ch\/wp-content\/uploads\/2025\/09\/1000023943-1536x701.jpg 1536w, http:\/\/lienis.landplaninfo.ch\/wp-content\/uploads\/2025\/09\/1000023943-2048x935.jpg 2048w, http:\/\/lienis.landplaninfo.ch\/wp-content\/uploads\/2025\/09\/1000023943-1568x716.jpg 1568w\" sizes=\"auto, (max-width: 1024px) 100vw, 1024px\" \/><\/a><\/figure>\n","protected":false},"excerpt":{"rendered":"<p>Esquieze-Sere und Luz-Saint-Saveur sind voll auf Velofahrende Tourmaletbezwinger eingestellt, so fanden sich zur Vorbeitung sogar auf der franz\u00f6sisch Speisekarte Spaghetti Bolognese. Kann man vern\u00fcftig als Hauptgang (R\u00fcfi) bestellen oder unvern\u00fcftig zur Vorspeise (Lieni), was in der K\u00fcche immerhin die Frage aufwirft, ob das Velofahrer bestellt h\u00e4tten (Also evtl. doch nicht ganz ungew\u00f6hnlich hier). Wolkenverhangene Bergh\u00e4nge [&hellip;]<\/p>\n","protected":false},"author":1,"featured_media":0,"comment_status":"closed","ping_status":"closed","sticky":false,"template":"","format":"standard","meta":{"footnotes":""},"categories":[9],"tags":[79],"class_list":["post-8398","post","type-post","status-publish","format-standard","hentry","category-andreas","tag-pct25"],"_links":{"self":[{"href":"http:\/\/lienis.landplaninfo.ch\/index.php?rest_route=\/wp\/v2\/posts\/8398","targetHints":{"allow":["GET"]}}],"collection":[{"href":"http:\/\/lienis.landplaninfo.ch\/index.php?rest_route=\/wp\/v2\/posts"}],"about":[{"href":"http:\/\/lienis.landplaninfo.ch\/index.php?rest_route=\/wp\/v2\/types\/post"}],"author":[{"embeddable":true,"href":"http:\/\/lienis.landplaninfo.ch\/index.php?rest_route=\/wp\/v2\/users\/1"}],"replies":[{"embeddable":true,"href":"http:\/\/lienis.landplaninfo.ch\/index.php?rest_route=%2Fwp%2Fv2%2Fcomments&post=8398"}],"version-history":[{"count":9,"href":"http:\/\/lienis.landplaninfo.ch\/index.php?rest_route=\/wp\/v2\/posts\/8398\/revisions"}],"predecessor-version":[{"id":8456,"href":"http:\/\/lienis.landplaninfo.ch\/index.php?rest_route=\/wp\/v2\/posts\/8398\/revisions\/8456"}],"wp:attachment":[{"href":"http:\/\/lienis.landplaninfo.ch\/index.php?rest_route=%2Fwp%2Fv2%2Fmedia&parent=8398"}],"wp:term":[{"taxonomy":"category","embeddable":true,"href":"http:\/\/lienis.landplaninfo.ch\/index.php?rest_route=%2Fwp%2Fv2%2Fcategories&post=8398"},{"taxonomy":"post_tag","embeddable":true,"href":"http:\/\/lienis.landplaninfo.ch\/index.php?rest_route=%2Fwp%2Fv2%2Ftags&post=8398"}],"curies":[{"name":"wp","href":"https:\/\/api.w.org\/{rel}","templated":true}]}}