{"id":8389,"date":"2025-09-11T17:30:14","date_gmt":"2025-09-11T15:30:14","guid":{"rendered":"https:\/\/lienis.landplaninfo.ch\/?p=8389"},"modified":"2025-09-15T20:55:32","modified_gmt":"2025-09-15T18:55:32","slug":"pyrenaeen-cycling-tour-etappe-6","status":"publish","type":"post","link":"http:\/\/lienis.landplaninfo.ch\/?p=8389","title":{"rendered":"Pyren\u00e4en Cycling Tour &#8211; Etappe 6"},"content":{"rendered":"\n<figure class=\"wp-block-image size-large\"><a href=\"https:\/\/lienis.landplaninfo.ch\/wp-content\/uploads\/2025\/09\/1000023737.png\"><img loading=\"lazy\" decoding=\"async\" width=\"1024\" height=\"683\" src=\"https:\/\/lienis.landplaninfo.ch\/wp-content\/uploads\/2025\/09\/1000023737-1024x683.png\" alt=\"\" class=\"wp-image-8392\" srcset=\"http:\/\/lienis.landplaninfo.ch\/wp-content\/uploads\/2025\/09\/1000023737-1024x683.png 1024w, http:\/\/lienis.landplaninfo.ch\/wp-content\/uploads\/2025\/09\/1000023737-300x200.png 300w, http:\/\/lienis.landplaninfo.ch\/wp-content\/uploads\/2025\/09\/1000023737-768x512.png 768w, http:\/\/lienis.landplaninfo.ch\/wp-content\/uploads\/2025\/09\/1000023737.png 1536w\" sizes=\"auto, (max-width: 1024px) 100vw, 1024px\" \/><\/a><\/figure>\n\n\n<p>Nachdem wir uns gestern Abend beim Gang in ein kleines unscheinbares Resti nochmals kurz richtig verregnen liessen, durften wir ein unerwartet tolles Menu mit der lokalen Spezialit\u00e4t <a href=\"https:\/\/truite-ossau.fr\/\">Truite d&#8217;Ossau<\/a> geniessen. P\u00fcnktlich auf den \u00fcberraschend guten Morgenkaffee trocknet es ab und blauer Himmel zeigte sich. Der erste Anstieg zum Col d&#8217;Aubisque von 15 km L\u00e4nge liess nicht lange auf sich warten und brachte uns praktisch ab Hotelt\u00fcre, trotz frischen Herbsttemperaturen, sofort zum schwitzen.<\/p>\n<p>Gute Strassen mit meist angenehmen Steigungen von 7-8% brachten uns rasch in die hiesigen Skigebiete hoch, mit den f\u00fcr Frankreich so typischen h\u00e4sslichen Retortenorten wie eben Gourettes. Vor dem Gipfel posierten daf\u00fcr erneut ein paar G\u00e4segeier, die einen Schafkadaver (sah jedenfalls nicht nach Velofahrer aus, obwohl es davon auch fast so reichlich wie Schafe hatte) ersp\u00e4ht hatten.<\/p>\n<p>Der Weg von Col d&#8217;Aubisque zum Col de Soulor f\u00fchrt \u00fcber eine der landschaftlich sch\u00f6nsten Pyren\u00e4enstrassen und bot ein deja vue der besonderen Art: Auf den schon vor Jahren absolvierten virtuellen Touren auf dem Heimtrainer war dieser Abschnitt in den Videos so beeindruckend, dass der Wunsch, das alles mal in echt zu fahren, entstand &#8211; und jetzt? Voila hier bin ich!<\/p>\n<p>Der Col de Bord\u00e9res machte heute den Schluss, abgesehen vom moderaten sch\u00f6nen, wenn auch vielbefahrenen, Schlussanstieg in Richtung Equi\u00e8ze-S\u00e8re durch die Schlucht der Gave de Pau, was die heutigen H\u00f6henmeter fast auf 2&#8217;000 steigen liess.<\/p>\n<p>Neben den Anstiegen bleiben auch die tollen angenehmen Abfahren in die verschiedenen T\u00e4ler des Pyren\u00e4en-Nationalparks sicher in bester Erinnerung.<\/p>\n<p>Auf der Tour trifft man &#8218;alte&#8216; Bike Packing Freunde, am ersten Pass das P\u00e4rchen mit den teuren S-Works Bikes, dem wir gestern am Marie Blanque direkt das letzt alkohlfreie Bier vor der Nase weggetrunken hatten, und heute beim Hotelcheckin, die franz\u00f6sischen Kollegen, die uns am Col d&#8217;Iraty schon mit dem Spruch &#8222;que vieux come nous&#8220; \u00fcberholt hatten.<\/p>\n<p><iframe loading=\"lazy\" title=\"YouTube video player\" src=\"https:\/\/www.youtube.com\/embed\/nPzEdfhRxic?si=L1DCEL_LqrYXlEq8\" width=\"560\" height=\"315\" frameborder=\"0\" allowfullscreen=\"allowfullscreen\"><\/iframe><\/p>\n\n\n<figure class=\"wp-block-image size-large\"><a href=\"https:\/\/lienis.landplaninfo.ch\/wp-content\/uploads\/2025\/09\/1000023942.jpg\"><img loading=\"lazy\" decoding=\"async\" width=\"1024\" height=\"468\" src=\"https:\/\/lienis.landplaninfo.ch\/wp-content\/uploads\/2025\/09\/1000023942-1024x468.jpg\" alt=\"\" class=\"wp-image-8453\" srcset=\"http:\/\/lienis.landplaninfo.ch\/wp-content\/uploads\/2025\/09\/1000023942-1024x468.jpg 1024w, http:\/\/lienis.landplaninfo.ch\/wp-content\/uploads\/2025\/09\/1000023942-300x137.jpg 300w, http:\/\/lienis.landplaninfo.ch\/wp-content\/uploads\/2025\/09\/1000023942-768x351.jpg 768w, http:\/\/lienis.landplaninfo.ch\/wp-content\/uploads\/2025\/09\/1000023942-1536x702.jpg 1536w, http:\/\/lienis.landplaninfo.ch\/wp-content\/uploads\/2025\/09\/1000023942-2048x936.jpg 2048w, http:\/\/lienis.landplaninfo.ch\/wp-content\/uploads\/2025\/09\/1000023942-1568x717.jpg 1568w\" sizes=\"auto, (max-width: 1024px) 100vw, 1024px\" \/><\/a><\/figure>\n","protected":false},"excerpt":{"rendered":"<p>Nachdem wir uns gestern Abend beim Gang in ein kleines unscheinbares Resti nochmals kurz richtig verregnen liessen, durften wir ein unerwartet tolles Menu mit der lokalen Spezialit\u00e4t Truite d&#8217;Ossau geniessen. P\u00fcnktlich auf den \u00fcberraschend guten Morgenkaffee trocknet es ab und blauer Himmel zeigte sich. Der erste Anstieg zum Col d&#8217;Aubisque von 15 km L\u00e4nge liess [&hellip;]<\/p>\n","protected":false},"author":1,"featured_media":0,"comment_status":"closed","ping_status":"closed","sticky":false,"template":"","format":"standard","meta":{"footnotes":""},"categories":[9],"tags":[79],"class_list":["post-8389","post","type-post","status-publish","format-standard","hentry","category-andreas","tag-pct25"],"_links":{"self":[{"href":"http:\/\/lienis.landplaninfo.ch\/index.php?rest_route=\/wp\/v2\/posts\/8389","targetHints":{"allow":["GET"]}}],"collection":[{"href":"http:\/\/lienis.landplaninfo.ch\/index.php?rest_route=\/wp\/v2\/posts"}],"about":[{"href":"http:\/\/lienis.landplaninfo.ch\/index.php?rest_route=\/wp\/v2\/types\/post"}],"author":[{"embeddable":true,"href":"http:\/\/lienis.landplaninfo.ch\/index.php?rest_route=\/wp\/v2\/users\/1"}],"replies":[{"embeddable":true,"href":"http:\/\/lienis.landplaninfo.ch\/index.php?rest_route=%2Fwp%2Fv2%2Fcomments&post=8389"}],"version-history":[{"count":7,"href":"http:\/\/lienis.landplaninfo.ch\/index.php?rest_route=\/wp\/v2\/posts\/8389\/revisions"}],"predecessor-version":[{"id":8454,"href":"http:\/\/lienis.landplaninfo.ch\/index.php?rest_route=\/wp\/v2\/posts\/8389\/revisions\/8454"}],"wp:attachment":[{"href":"http:\/\/lienis.landplaninfo.ch\/index.php?rest_route=%2Fwp%2Fv2%2Fmedia&parent=8389"}],"wp:term":[{"taxonomy":"category","embeddable":true,"href":"http:\/\/lienis.landplaninfo.ch\/index.php?rest_route=%2Fwp%2Fv2%2Fcategories&post=8389"},{"taxonomy":"post_tag","embeddable":true,"href":"http:\/\/lienis.landplaninfo.ch\/index.php?rest_route=%2Fwp%2Fv2%2Ftags&post=8389"}],"curies":[{"name":"wp","href":"https:\/\/api.w.org\/{rel}","templated":true}]}}