{"id":8383,"date":"2025-09-10T15:43:23","date_gmt":"2025-09-10T13:43:23","guid":{"rendered":"https:\/\/lienis.landplaninfo.ch\/?p=8383"},"modified":"2025-09-15T20:55:02","modified_gmt":"2025-09-15T18:55:02","slug":"pyrenaeen-cycling-tour-etappe-5","status":"publish","type":"post","link":"http:\/\/lienis.landplaninfo.ch\/?p=8383","title":{"rendered":"Pyren\u00e4en Cycling Tour &#8211; Etappe 5"},"content":{"rendered":"\n<figure class=\"wp-block-image size-large\"><a href=\"https:\/\/lienis.landplaninfo.ch\/wp-content\/uploads\/2025\/09\/1000023630.png\"><img loading=\"lazy\" decoding=\"async\" width=\"1024\" height=\"683\" src=\"https:\/\/lienis.landplaninfo.ch\/wp-content\/uploads\/2025\/09\/1000023630-1024x683.png\" alt=\"\" class=\"wp-image-8386\" srcset=\"http:\/\/lienis.landplaninfo.ch\/wp-content\/uploads\/2025\/09\/1000023630-1024x683.png 1024w, http:\/\/lienis.landplaninfo.ch\/wp-content\/uploads\/2025\/09\/1000023630-300x200.png 300w, http:\/\/lienis.landplaninfo.ch\/wp-content\/uploads\/2025\/09\/1000023630-768x512.png 768w, http:\/\/lienis.landplaninfo.ch\/wp-content\/uploads\/2025\/09\/1000023630.png 1536w\" sizes=\"auto, (max-width: 1024px) 100vw, 1024px\" \/><\/a><\/figure>\n\n\n<p>Heute, nach der Anstrengung gestern und den Prognosen von Meteo France vorsichtig geplant: &#8218;Lockere&#8216; 63 km und 1650 Hm. Geplant haben wir pr\u00e4ziese: ab 15.00 sollte Regen einsetzten und ab 15.00 Checkin im Hotel. Auf Meteo France ist verlass: Leichter Regen ab 14.30. Richtig Sch\u00fcttet es ab 15.00. Auf uns ist auch verlass: im Hotel 14.45. Aufs Hotel weniger, Checkin erst ab 16.00 obwohl im Netz 15.00 angegeben ist. Gl\u00fcck im Ungl\u00fcck das Hotel hat auch eine Beiz und so gibts das Bier (und das bloggen) halt schon vor dem Duschen. Die heutigen P\u00e4sse: Col de Lie, Col d&#8217;Ichere und zum happigen Dessert den Col de Marie Blanque, der uns mit seinen \u00fcber Kilometer Konstanten 11, 12 und 13% doch extrem forderte. Zum Gl\u00fcck waren wir geistreich genug im letzte Cafe noch ein Sandwiches mit auf den Weg zu nehmen um oben wieder zu Kr\u00e4ften zu kommen. Es waren nicht die hohen P\u00e4sse (daf\u00fcr die steilen) und die saftig gr\u00fcnen H\u00fcgel mit Schafen, Pferden und K\u00fchen aller Couleur k\u00f6nnten auch in Irland oder England stehen. Das inzwischen wieder nasskalte Wetter dazu w\u00e4re auch grad passend.<br \/><iframe loading=\"lazy\" title=\"YouTube video player\" src=\"https:\/\/www.youtube.com\/embed\/4Wa1pVMzngw?si=pZjYpfUioieUix_F\" width=\"560\" height=\"315\" frameborder=\"0\" allowfullscreen=\"allowfullscreen\"><\/iframe><\/p>\n\n\n<figure class=\"wp-block-image size-large\"><a href=\"https:\/\/lienis.landplaninfo.ch\/wp-content\/uploads\/2025\/09\/1000023941.jpg\"><img loading=\"lazy\" decoding=\"async\" width=\"1024\" height=\"463\" src=\"https:\/\/lienis.landplaninfo.ch\/wp-content\/uploads\/2025\/09\/1000023941-1024x463.jpg\" alt=\"\" class=\"wp-image-8451\" srcset=\"http:\/\/lienis.landplaninfo.ch\/wp-content\/uploads\/2025\/09\/1000023941-1024x463.jpg 1024w, http:\/\/lienis.landplaninfo.ch\/wp-content\/uploads\/2025\/09\/1000023941-300x136.jpg 300w, http:\/\/lienis.landplaninfo.ch\/wp-content\/uploads\/2025\/09\/1000023941-768x347.jpg 768w, http:\/\/lienis.landplaninfo.ch\/wp-content\/uploads\/2025\/09\/1000023941-1536x695.jpg 1536w, http:\/\/lienis.landplaninfo.ch\/wp-content\/uploads\/2025\/09\/1000023941-2048x926.jpg 2048w, http:\/\/lienis.landplaninfo.ch\/wp-content\/uploads\/2025\/09\/1000023941-1568x709.jpg 1568w\" sizes=\"auto, (max-width: 1024px) 100vw, 1024px\" \/><\/a><\/figure>\n","protected":false},"excerpt":{"rendered":"<p>Heute, nach der Anstrengung gestern und den Prognosen von Meteo France vorsichtig geplant: &#8218;Lockere&#8216; 63 km und 1650 Hm. Geplant haben wir pr\u00e4ziese: ab 15.00 sollte Regen einsetzten und ab 15.00 Checkin im Hotel. Auf Meteo France ist verlass: Leichter Regen ab 14.30. Richtig Sch\u00fcttet es ab 15.00. Auf uns ist auch verlass: im Hotel [&hellip;]<\/p>\n","protected":false},"author":1,"featured_media":0,"comment_status":"closed","ping_status":"closed","sticky":false,"template":"","format":"standard","meta":{"footnotes":""},"categories":[9],"tags":[79],"class_list":["post-8383","post","type-post","status-publish","format-standard","hentry","category-andreas","tag-pct25"],"_links":{"self":[{"href":"http:\/\/lienis.landplaninfo.ch\/index.php?rest_route=\/wp\/v2\/posts\/8383","targetHints":{"allow":["GET"]}}],"collection":[{"href":"http:\/\/lienis.landplaninfo.ch\/index.php?rest_route=\/wp\/v2\/posts"}],"about":[{"href":"http:\/\/lienis.landplaninfo.ch\/index.php?rest_route=\/wp\/v2\/types\/post"}],"author":[{"embeddable":true,"href":"http:\/\/lienis.landplaninfo.ch\/index.php?rest_route=\/wp\/v2\/users\/1"}],"replies":[{"embeddable":true,"href":"http:\/\/lienis.landplaninfo.ch\/index.php?rest_route=%2Fwp%2Fv2%2Fcomments&post=8383"}],"version-history":[{"count":4,"href":"http:\/\/lienis.landplaninfo.ch\/index.php?rest_route=\/wp\/v2\/posts\/8383\/revisions"}],"predecessor-version":[{"id":8452,"href":"http:\/\/lienis.landplaninfo.ch\/index.php?rest_route=\/wp\/v2\/posts\/8383\/revisions\/8452"}],"wp:attachment":[{"href":"http:\/\/lienis.landplaninfo.ch\/index.php?rest_route=%2Fwp%2Fv2%2Fmedia&parent=8383"}],"wp:term":[{"taxonomy":"category","embeddable":true,"href":"http:\/\/lienis.landplaninfo.ch\/index.php?rest_route=%2Fwp%2Fv2%2Fcategories&post=8383"},{"taxonomy":"post_tag","embeddable":true,"href":"http:\/\/lienis.landplaninfo.ch\/index.php?rest_route=%2Fwp%2Fv2%2Ftags&post=8383"}],"curies":[{"name":"wp","href":"https:\/\/api.w.org\/{rel}","templated":true}]}}