{"id":8365,"date":"2025-09-09T17:39:47","date_gmt":"2025-09-09T15:39:47","guid":{"rendered":"https:\/\/lienis.landplaninfo.ch\/?p=8365"},"modified":"2025-09-15T20:52:38","modified_gmt":"2025-09-15T18:52:38","slug":"pyrenaeen-cycling-tour-etappe-4","status":"publish","type":"post","link":"http:\/\/lienis.landplaninfo.ch\/?p=8365","title":{"rendered":"Pyren\u00e4en Cycling Tour &#8211; Etappe 4"},"content":{"rendered":"\n<figure class=\"wp-block-image size-large\"><a href=\"https:\/\/lienis.landplaninfo.ch\/wp-content\/uploads\/2025\/09\/1000023526.png\"><img loading=\"lazy\" decoding=\"async\" width=\"683\" height=\"1024\" src=\"https:\/\/lienis.landplaninfo.ch\/wp-content\/uploads\/2025\/09\/1000023526-683x1024.png\" alt=\"\" class=\"wp-image-8373\" srcset=\"http:\/\/lienis.landplaninfo.ch\/wp-content\/uploads\/2025\/09\/1000023526-683x1024.png 683w, http:\/\/lienis.landplaninfo.ch\/wp-content\/uploads\/2025\/09\/1000023526-200x300.png 200w, http:\/\/lienis.landplaninfo.ch\/wp-content\/uploads\/2025\/09\/1000023526-768x1152.png 768w, http:\/\/lienis.landplaninfo.ch\/wp-content\/uploads\/2025\/09\/1000023526.png 1024w\" sizes=\"auto, (max-width: 683px) 100vw, 683px\" \/><\/a><\/figure>\n\n\n<p>Das Wetter war heute wieder trocken aber wir fuhren bei frischen 13\u00b0 los. Nach wenigen Kilometer beginnt der Aufstieg in Richtung Col d&#8217;Iraty. Auf diesen f\u00fchren verschiedene Wege und auf unseren hat ein Spassvogel &#8218;Col d&#8217;Iraty Extreme&#8216; geschrieben. Nicht zu unrecht: 8.5 km mit Durchschnitt 10%, wobei das GPS immer wieder 12-14% gemessen hat. Also warm kriegten wir trotz den nun herbstlichen Temperaturen. Apropos Spassvogel: Da hat einer Geissen wie Steinb\u00f6cke im Gel\u00e4nde ausgestellt, mitten drinn der G\u00e4nsgeier. Von denen traffen wir heute viele in einer tollen wilden Landschaft und nicht nur Geier, auch Falken, Dolen, Milan, Bussard, und ein Eisvogel liessen sich blicken.<br \/>Es reiten sich (mit viel auf und ab, das sich auf \u00fcber 2&#8217;200 H\u00f6henmeter summierte) Pass an Pass: Col d&#8217;Arthe, Col d&#8217;Asketa, Col d&#8217;Irau, Col de Sourzay, Col Heguichouria, Col de Bagargi, Col de la Serre, Col de Sustary, nur der \u00fcberall angeschriebene ber\u00fchmte Col d&#8217;Iraty war laut franz. Landeskarte gar nicht dabei? Immerhin sind wir am Chalet d&#8217;Iraty vorbeigefahren (das genauso zu hatte, wie fast jedes andere Restaurant an der Route) und durch den Foret d&#8217;Iraty (gilt ja vielleicht doch noch als Pass Nr. 9 der heutigen Etappe?)<br \/>Rasch vorangekommen vor der Checkinzeit am verriegelten Hotel, zwang uns zu einer kleinen Zusatzschlaufe ins Caf\u00e9 de Pyrenees und um den kegelf\u00f6rmigen Mont Erretzu, der mit seinem teils verdorrten fast violette anmutende Adlerfarnkleid schon nahezu schottisch in die Gegend strahlte.<br \/><iframe loading=\"lazy\" title=\"YouTube video player\" src=\"https:\/\/www.youtube.com\/embed\/M5G1hZEtaUI?si=s1HdGTiuK0ZiRk4Y\" width=\"560\" height=\"315\" frameborder=\"0\" allowfullscreen=\"allowfullscreen\"><\/iframe><\/p>\n\n\n<figure class=\"wp-block-image size-large\"><a href=\"https:\/\/lienis.landplaninfo.ch\/wp-content\/uploads\/2025\/09\/1000023940-1.jpg\"><img loading=\"lazy\" decoding=\"async\" width=\"1024\" height=\"463\" src=\"https:\/\/lienis.landplaninfo.ch\/wp-content\/uploads\/2025\/09\/1000023940-1-1024x463.jpg\" alt=\"\" class=\"wp-image-8443\" srcset=\"http:\/\/lienis.landplaninfo.ch\/wp-content\/uploads\/2025\/09\/1000023940-1-1024x463.jpg 1024w, http:\/\/lienis.landplaninfo.ch\/wp-content\/uploads\/2025\/09\/1000023940-1-300x136.jpg 300w, http:\/\/lienis.landplaninfo.ch\/wp-content\/uploads\/2025\/09\/1000023940-1-768x347.jpg 768w, http:\/\/lienis.landplaninfo.ch\/wp-content\/uploads\/2025\/09\/1000023940-1-1536x694.jpg 1536w, http:\/\/lienis.landplaninfo.ch\/wp-content\/uploads\/2025\/09\/1000023940-1-2048x925.jpg 2048w, http:\/\/lienis.landplaninfo.ch\/wp-content\/uploads\/2025\/09\/1000023940-1-1568x708.jpg 1568w\" sizes=\"auto, (max-width: 1024px) 100vw, 1024px\" \/><\/a><\/figure>\n","protected":false},"excerpt":{"rendered":"<p>Das Wetter war heute wieder trocken aber wir fuhren bei frischen 13\u00b0 los. Nach wenigen Kilometer beginnt der Aufstieg in Richtung Col d&#8217;Iraty. Auf diesen f\u00fchren verschiedene Wege und auf unseren hat ein Spassvogel &#8218;Col d&#8217;Iraty Extreme&#8216; geschrieben. Nicht zu unrecht: 8.5 km mit Durchschnitt 10%, wobei das GPS immer wieder 12-14% gemessen hat. Also [&hellip;]<\/p>\n","protected":false},"author":1,"featured_media":0,"comment_status":"closed","ping_status":"closed","sticky":false,"template":"","format":"standard","meta":{"footnotes":""},"categories":[9],"tags":[79],"class_list":["post-8365","post","type-post","status-publish","format-standard","hentry","category-andreas","tag-pct25"],"_links":{"self":[{"href":"http:\/\/lienis.landplaninfo.ch\/index.php?rest_route=\/wp\/v2\/posts\/8365","targetHints":{"allow":["GET"]}}],"collection":[{"href":"http:\/\/lienis.landplaninfo.ch\/index.php?rest_route=\/wp\/v2\/posts"}],"about":[{"href":"http:\/\/lienis.landplaninfo.ch\/index.php?rest_route=\/wp\/v2\/types\/post"}],"author":[{"embeddable":true,"href":"http:\/\/lienis.landplaninfo.ch\/index.php?rest_route=\/wp\/v2\/users\/1"}],"replies":[{"embeddable":true,"href":"http:\/\/lienis.landplaninfo.ch\/index.php?rest_route=%2Fwp%2Fv2%2Fcomments&post=8365"}],"version-history":[{"count":12,"href":"http:\/\/lienis.landplaninfo.ch\/index.php?rest_route=\/wp\/v2\/posts\/8365\/revisions"}],"predecessor-version":[{"id":8444,"href":"http:\/\/lienis.landplaninfo.ch\/index.php?rest_route=\/wp\/v2\/posts\/8365\/revisions\/8444"}],"wp:attachment":[{"href":"http:\/\/lienis.landplaninfo.ch\/index.php?rest_route=%2Fwp%2Fv2%2Fmedia&parent=8365"}],"wp:term":[{"taxonomy":"category","embeddable":true,"href":"http:\/\/lienis.landplaninfo.ch\/index.php?rest_route=%2Fwp%2Fv2%2Fcategories&post=8365"},{"taxonomy":"post_tag","embeddable":true,"href":"http:\/\/lienis.landplaninfo.ch\/index.php?rest_route=%2Fwp%2Fv2%2Ftags&post=8365"}],"curies":[{"name":"wp","href":"https:\/\/api.w.org\/{rel}","templated":true}]}}