{"id":8357,"date":"2025-09-08T17:10:35","date_gmt":"2025-09-08T15:10:35","guid":{"rendered":"https:\/\/lienis.landplaninfo.ch\/?p=8357"},"modified":"2025-09-15T20:53:22","modified_gmt":"2025-09-15T18:53:22","slug":"pyrenaeen-cycling-tour-etappe-3","status":"publish","type":"post","link":"http:\/\/lienis.landplaninfo.ch\/?p=8357","title":{"rendered":"Pyren\u00e4en Cycling Tour &#8211; Etappe 3"},"content":{"rendered":"\n<figure class=\"wp-block-image size-large\"><a href=\"https:\/\/lienis.landplaninfo.ch\/wp-content\/uploads\/2025\/09\/1000023453.png\"><img loading=\"lazy\" decoding=\"async\" width=\"683\" height=\"1024\" src=\"https:\/\/lienis.landplaninfo.ch\/wp-content\/uploads\/2025\/09\/1000023453-683x1024.png\" alt=\"\" class=\"wp-image-8359\" srcset=\"http:\/\/lienis.landplaninfo.ch\/wp-content\/uploads\/2025\/09\/1000023453-683x1024.png 683w, http:\/\/lienis.landplaninfo.ch\/wp-content\/uploads\/2025\/09\/1000023453-200x300.png 200w, http:\/\/lienis.landplaninfo.ch\/wp-content\/uploads\/2025\/09\/1000023453-768x1152.png 768w, http:\/\/lienis.landplaninfo.ch\/wp-content\/uploads\/2025\/09\/1000023453.png 1024w\" sizes=\"auto, (max-width: 683px) 100vw, 683px\" \/><\/a><\/figure>\n\n\n<p>Tag 3 beginnt mit einen tollen feinen Fr\u00fchst\u00fcck im Gourmettempel, der uns gestern bereits mit einem tollen Menu verw\u00f6hnte (dessen Bilder inzwischen bei Etappe 2 noch erg\u00e4nzt wurden). Das Fr\u00fchst\u00fcck in die L\u00e4nge ziehen half leider nicht um nicht im Regen starten zu m\u00fcssen. Immerhin regnete es den ganzen Tag durch nur einmal, daf\u00fcr in allen Facetten: Str\u00e4tzende Bindf\u00e4den, hartn\u00e4ckiger Landregen oder schottischer feiner Spr\u00fchregen. Doch die Regenkluft h\u00e4lt, sch\u00fctzt aber nat\u00fcrlich nicht vom nass werden durchs Schwitzen.<br \/>Auch gelernt heute: Vorsicht mit dem Komotrouten wenn Gravel eingestellt ist. Am h\u00f6chsten Punkt wollte es uns auf einen steilen Feldweg lotsen, den wir, vern\u00fcftig wie wir sind, mieden (auch weil uns die Schafe auf dem Weg argw\u00f6hnisch be\u00e4ugten so als h\u00e4tten sie noch nie ein Velo auf diesem Weg gesehen). Daher hiess es f\u00fcr einen (bei sch\u00f6nerem Wetter vermutlich extrem attraktiven) Kretenweg wieder zur\u00fcck auf die Autopassstrasse, wo sichs dann auch im Regen trefflich runterbrettern liess. Auf dem Grenzpass zur\u00fcck nach Frankreich ein paar deftige baskische Kalorien um dann die bisher sch\u00f6nste Abfahrt durch die wilden Bilderbuchpyren\u00e4en in Angriff zu nehmen. Das ganze kritisch be\u00e4ugt vom Geier der wohl hoffte wir \u00fcbertreiben; machen wir nat\u00fcrlich nicht! Und, nach 75 km und 1280 H\u00f6henmeter (darunter auch ein paar wirklich steile Rampen) dann im Hotel angekommen, regnet es immer noch.<\/p>\n<p><iframe loading=\"lazy\" title=\"YouTube video player\" src=\"https:\/\/www.youtube.com\/embed\/120Cr2wjCEI?si=mwXnnhrwODXcBeib\" width=\"560\" height=\"315\" frameborder=\"0\" allowfullscreen=\"allowfullscreen\"><\/iframe><\/p>\n\n\n<figure class=\"wp-block-image size-large\"><a href=\"https:\/\/lienis.landplaninfo.ch\/wp-content\/uploads\/2025\/09\/1000023939-1.jpg\"><img loading=\"lazy\" decoding=\"async\" width=\"1024\" height=\"466\" src=\"https:\/\/lienis.landplaninfo.ch\/wp-content\/uploads\/2025\/09\/1000023939-1-1024x466.jpg\" alt=\"\" class=\"wp-image-8445\" srcset=\"http:\/\/lienis.landplaninfo.ch\/wp-content\/uploads\/2025\/09\/1000023939-1-1024x466.jpg 1024w, http:\/\/lienis.landplaninfo.ch\/wp-content\/uploads\/2025\/09\/1000023939-1-300x137.jpg 300w, http:\/\/lienis.landplaninfo.ch\/wp-content\/uploads\/2025\/09\/1000023939-1-768x350.jpg 768w, http:\/\/lienis.landplaninfo.ch\/wp-content\/uploads\/2025\/09\/1000023939-1-1536x700.jpg 1536w, http:\/\/lienis.landplaninfo.ch\/wp-content\/uploads\/2025\/09\/1000023939-1-2048x933.jpg 2048w, http:\/\/lienis.landplaninfo.ch\/wp-content\/uploads\/2025\/09\/1000023939-1-1568x714.jpg 1568w\" sizes=\"auto, (max-width: 1024px) 100vw, 1024px\" \/><\/a><\/figure>\n","protected":false},"excerpt":{"rendered":"<p>Tag 3 beginnt mit einen tollen feinen Fr\u00fchst\u00fcck im Gourmettempel, der uns gestern bereits mit einem tollen Menu verw\u00f6hnte (dessen Bilder inzwischen bei Etappe 2 noch erg\u00e4nzt wurden). Das Fr\u00fchst\u00fcck in die L\u00e4nge ziehen half leider nicht um nicht im Regen starten zu m\u00fcssen. Immerhin regnete es den ganzen Tag durch nur einmal, daf\u00fcr in [&hellip;]<\/p>\n","protected":false},"author":1,"featured_media":0,"comment_status":"closed","ping_status":"closed","sticky":false,"template":"","format":"standard","meta":{"footnotes":""},"categories":[9],"tags":[79],"class_list":["post-8357","post","type-post","status-publish","format-standard","hentry","category-andreas","tag-pct25"],"_links":{"self":[{"href":"http:\/\/lienis.landplaninfo.ch\/index.php?rest_route=\/wp\/v2\/posts\/8357","targetHints":{"allow":["GET"]}}],"collection":[{"href":"http:\/\/lienis.landplaninfo.ch\/index.php?rest_route=\/wp\/v2\/posts"}],"about":[{"href":"http:\/\/lienis.landplaninfo.ch\/index.php?rest_route=\/wp\/v2\/types\/post"}],"author":[{"embeddable":true,"href":"http:\/\/lienis.landplaninfo.ch\/index.php?rest_route=\/wp\/v2\/users\/1"}],"replies":[{"embeddable":true,"href":"http:\/\/lienis.landplaninfo.ch\/index.php?rest_route=%2Fwp%2Fv2%2Fcomments&post=8357"}],"version-history":[{"count":7,"href":"http:\/\/lienis.landplaninfo.ch\/index.php?rest_route=\/wp\/v2\/posts\/8357\/revisions"}],"predecessor-version":[{"id":8446,"href":"http:\/\/lienis.landplaninfo.ch\/index.php?rest_route=\/wp\/v2\/posts\/8357\/revisions\/8446"}],"wp:attachment":[{"href":"http:\/\/lienis.landplaninfo.ch\/index.php?rest_route=%2Fwp%2Fv2%2Fmedia&parent=8357"}],"wp:term":[{"taxonomy":"category","embeddable":true,"href":"http:\/\/lienis.landplaninfo.ch\/index.php?rest_route=%2Fwp%2Fv2%2Fcategories&post=8357"},{"taxonomy":"post_tag","embeddable":true,"href":"http:\/\/lienis.landplaninfo.ch\/index.php?rest_route=%2Fwp%2Fv2%2Ftags&post=8357"}],"curies":[{"name":"wp","href":"https:\/\/api.w.org\/{rel}","templated":true}]}}