{"id":8322,"date":"2025-09-06T22:27:01","date_gmt":"2025-09-06T20:27:01","guid":{"rendered":"https:\/\/lienis.landplaninfo.ch\/?p=8322"},"modified":"2025-09-15T20:54:35","modified_gmt":"2025-09-15T18:54:35","slug":"pyrenaeen-cycling-tour-etappe-1","status":"publish","type":"post","link":"http:\/\/lienis.landplaninfo.ch\/?p=8322","title":{"rendered":"Pyren\u00e4en Cycling Tour &#8211; Etappe 1"},"content":{"rendered":"\n<figure class=\"wp-block-image size-full\"><a href=\"http:\/\/lienis.landplaninfo.ch\/wp-content\/uploads\/2025\/09\/ChatGPT-Image-7.-Sept.-2025-07_33_50.png\"><img loading=\"lazy\" decoding=\"async\" width=\"1024\" height=\"1024\" src=\"http:\/\/lienis.landplaninfo.ch\/wp-content\/uploads\/2025\/09\/ChatGPT-Image-7.-Sept.-2025-07_33_50.png\" alt=\"\" class=\"wp-image-8328\" srcset=\"http:\/\/lienis.landplaninfo.ch\/wp-content\/uploads\/2025\/09\/ChatGPT-Image-7.-Sept.-2025-07_33_50.png 1024w, http:\/\/lienis.landplaninfo.ch\/wp-content\/uploads\/2025\/09\/ChatGPT-Image-7.-Sept.-2025-07_33_50-300x300.png 300w, http:\/\/lienis.landplaninfo.ch\/wp-content\/uploads\/2025\/09\/ChatGPT-Image-7.-Sept.-2025-07_33_50-150x150.png 150w, http:\/\/lienis.landplaninfo.ch\/wp-content\/uploads\/2025\/09\/ChatGPT-Image-7.-Sept.-2025-07_33_50-768x768.png 768w\" sizes=\"auto, (max-width: 1024px) 100vw, 1024px\" \/><\/a><\/figure>\n\n\n<p>Morgens um 5 los, aus dem Haus auf den Zug (echt nicht meine Zeit) in Uster&#8230; ( 1h sp\u00e4ter h\u00e4tte wohl auch gereicht, weiss man eben immer erst hinterher) bei recht frischen Herbsttemperaturen. Schon um 11 sind die Bikes in Biaritz wieder zusammen geschraubt und die erste Etappe durchs Baskenland startet. Schon nach wenigen Metern ausserhalb Flughafengeb\u00e4ude wird klar: Herbst ist hier noch lange nicht. Zuerst um die 30 und bis am Nami 35 Grad heisse Luft&#8230;Da n\u00fctzt Fahrtwind allemal grad gar nichts.<br \/>Der Radweg auf der Atlantik Coast Route wird zur Slalomstrecke zwischen Sufbretter schwingenden Touris, Parkplatz suchenden Autos und Handy&#8217;Zombies die gar niemanden wahrnehmen. Die Radwegplaner dieses Radwegs, der fast durchg\u00e4ngig an einen schlecht unterhaltenen Verkehrsgarten f\u00fcr Vorschulkinder erinnert, sind hauptberuflich vermutlich Surfer oder haben sonst was an der Waffel. Richtig G\u00fcmmelen ging anderst und vorw\u00e4rts kommt man mit st\u00e4ndigen Stop &amp; Go nicht so recht. Str\u00e4nde sind alle gerappelt voll und kaum in Spanien, merken wir: Radwege etwas besser zum Vorw\u00e4rtskommen (Zeitweise wie Pannenstreifen auf Autobahnen), aber Hotelzimmer am Wochenende (bezahlbare) sind in der Gegend grunds\u00e4tzlich Mangelware.<\/p>\n<p>So landen wir letztlich im Nirgendwo, irgendwo in der N\u00e4he von San Sebastian, das wir aber f\u00fcr ein Bier und ein Glace doch noch erobern, an der Schnellstrasse im Industriegebiet, und mit WOK &#8211; all you can Eat &#8211; Buffetbeiz im Haus (Was als Konzept ja total daneben ist, aber trotz allem \u00fcberraschend gute und vielf\u00e4ltige Meeresfr\u00fcchte wie z.B. Schnecken, Muscheln; Kraben und Crevetten bot.) \u00dcber die ersten Berge morgen wird voraussichtlich auch das Sushibuffet und der Schokoladenbrunnen noch etwas zu merken sein.<br \/>Dass die Sonne unser Hirn wohl etwas durchgebraten hat, merkten wir nachdem wir vom Hotel locker ohne Gep\u00e4ck (und damit mit auch ohne Badezeugs) an den Str\u00e4nden ankamen &#8211; da blieb nur innerliches K\u00fchlen mit Bier.<br \/>Nun lauschen wir dem einschl\u00e4fernden Rauschen des Verkehsflusses&#8230; und freuen uns auf einige hoffentlich einsamere Strassen in den Bergen.<\/p>\n<p><iframe loading=\"lazy\" title=\"YouTube video player\" src=\"https:\/\/www.youtube.com\/embed\/ZM8WIrT1Jlc?si=Hn0M0RyEvoKeKlLR\" width=\"560\" height=\"315\" frameborder=\"0\" allowfullscreen=\"allowfullscreen\"><\/iframe><\/p>\n\n\n<figure class=\"wp-block-image size-large\"><a href=\"https:\/\/lienis.landplaninfo.ch\/wp-content\/uploads\/2025\/09\/1000023937-1.jpg\"><img loading=\"lazy\" decoding=\"async\" width=\"1024\" height=\"472\" src=\"https:\/\/lienis.landplaninfo.ch\/wp-content\/uploads\/2025\/09\/1000023937-1-1024x472.jpg\" alt=\"\" class=\"wp-image-8449\" srcset=\"http:\/\/lienis.landplaninfo.ch\/wp-content\/uploads\/2025\/09\/1000023937-1-1024x472.jpg 1024w, http:\/\/lienis.landplaninfo.ch\/wp-content\/uploads\/2025\/09\/1000023937-1-300x138.jpg 300w, http:\/\/lienis.landplaninfo.ch\/wp-content\/uploads\/2025\/09\/1000023937-1-768x354.jpg 768w, http:\/\/lienis.landplaninfo.ch\/wp-content\/uploads\/2025\/09\/1000023937-1-1536x708.jpg 1536w, http:\/\/lienis.landplaninfo.ch\/wp-content\/uploads\/2025\/09\/1000023937-1-2048x945.jpg 2048w, http:\/\/lienis.landplaninfo.ch\/wp-content\/uploads\/2025\/09\/1000023937-1-1568x723.jpg 1568w\" sizes=\"auto, (max-width: 1024px) 100vw, 1024px\" \/><\/a><\/figure>\n","protected":false},"excerpt":{"rendered":"<p>Morgens um 5 los, aus dem Haus auf den Zug (echt nicht meine Zeit) in Uster&#8230; ( 1h sp\u00e4ter h\u00e4tte wohl auch gereicht, weiss man eben immer erst hinterher) bei recht frischen Herbsttemperaturen. Schon um 11 sind die Bikes in Biaritz wieder zusammen geschraubt und die erste Etappe durchs Baskenland startet. Schon nach wenigen Metern [&hellip;]<\/p>\n","protected":false},"author":1,"featured_media":0,"comment_status":"closed","ping_status":"closed","sticky":false,"template":"","format":"standard","meta":{"footnotes":""},"categories":[9],"tags":[79],"class_list":["post-8322","post","type-post","status-publish","format-standard","hentry","category-andreas","tag-pct25"],"_links":{"self":[{"href":"http:\/\/lienis.landplaninfo.ch\/index.php?rest_route=\/wp\/v2\/posts\/8322","targetHints":{"allow":["GET"]}}],"collection":[{"href":"http:\/\/lienis.landplaninfo.ch\/index.php?rest_route=\/wp\/v2\/posts"}],"about":[{"href":"http:\/\/lienis.landplaninfo.ch\/index.php?rest_route=\/wp\/v2\/types\/post"}],"author":[{"embeddable":true,"href":"http:\/\/lienis.landplaninfo.ch\/index.php?rest_route=\/wp\/v2\/users\/1"}],"replies":[{"embeddable":true,"href":"http:\/\/lienis.landplaninfo.ch\/index.php?rest_route=%2Fwp%2Fv2%2Fcomments&post=8322"}],"version-history":[{"count":8,"href":"http:\/\/lienis.landplaninfo.ch\/index.php?rest_route=\/wp\/v2\/posts\/8322\/revisions"}],"predecessor-version":[{"id":8450,"href":"http:\/\/lienis.landplaninfo.ch\/index.php?rest_route=\/wp\/v2\/posts\/8322\/revisions\/8450"}],"wp:attachment":[{"href":"http:\/\/lienis.landplaninfo.ch\/index.php?rest_route=%2Fwp%2Fv2%2Fmedia&parent=8322"}],"wp:term":[{"taxonomy":"category","embeddable":true,"href":"http:\/\/lienis.landplaninfo.ch\/index.php?rest_route=%2Fwp%2Fv2%2Fcategories&post=8322"},{"taxonomy":"post_tag","embeddable":true,"href":"http:\/\/lienis.landplaninfo.ch\/index.php?rest_route=%2Fwp%2Fv2%2Ftags&post=8322"}],"curies":[{"name":"wp","href":"https:\/\/api.w.org\/{rel}","templated":true}]}}