{"id":8301,"date":"2025-08-31T17:17:27","date_gmt":"2025-08-31T15:17:27","guid":{"rendered":"https:\/\/lienis.landplaninfo.ch\/?p=8301"},"modified":"2025-09-04T21:46:47","modified_gmt":"2025-09-04T19:46:47","slug":"das-letzte-pyrenaeentraining","status":"publish","type":"post","link":"http:\/\/lienis.landplaninfo.ch\/?p=8301","title":{"rendered":"Das letzte Pyren\u00e4entraining"},"content":{"rendered":"\n<figure class=\"wp-block-image size-large\"><a href=\"http:\/\/lienis.landplaninfo.ch\/wp-content\/uploads\/2025\/08\/ChatGPT-Image-4.-Sept.-2025-21_35_17.png\"><img loading=\"lazy\" decoding=\"async\" width=\"1024\" height=\"683\" src=\"http:\/\/lienis.landplaninfo.ch\/wp-content\/uploads\/2025\/08\/ChatGPT-Image-4.-Sept.-2025-21_35_17-1024x683.png\" alt=\"\" class=\"wp-image-8317\" srcset=\"http:\/\/lienis.landplaninfo.ch\/wp-content\/uploads\/2025\/08\/ChatGPT-Image-4.-Sept.-2025-21_35_17-1024x683.png 1024w, http:\/\/lienis.landplaninfo.ch\/wp-content\/uploads\/2025\/08\/ChatGPT-Image-4.-Sept.-2025-21_35_17-300x200.png 300w, http:\/\/lienis.landplaninfo.ch\/wp-content\/uploads\/2025\/08\/ChatGPT-Image-4.-Sept.-2025-21_35_17-768x512.png 768w, http:\/\/lienis.landplaninfo.ch\/wp-content\/uploads\/2025\/08\/ChatGPT-Image-4.-Sept.-2025-21_35_17.png 1536w\" sizes=\"auto, (max-width: 1024px) 100vw, 1024px\" \/><\/a><\/figure>\n\n\n\n<p>Nochmals warmes K\u00f6nigswetter f\u00fcr das letzte Pyren\u00e4entrainig.  Dieses f\u00fchrte auf vielen, bisher von mir mit dem Velo noch unbefahrenen, Strassen in der Urschweiz rund um Zuger- und Vierwaldst\u00e4ttersee. Und vermutlich dank ESAF: Erstaunlich wenig Autoverkehr. Die Urschweiz Leergefegt und nach Mollis verpflanzt? Egal, ich habs genossen!<\/p>\n\n\n\n<p>\n<iframe loading=\"lazy\" width=\"560\" height=\"315\" src=\"https:\/\/www.youtube.com\/embed\/6ndTMUpH6lw?si=2Of2umNdAelZeTsu\" title=\"YouTube video player\" frameborder=\"0\" allow=\"accelerometer; autoplay; clipboard-write; encrypted-media; gyroscope; picture-in-picture; web-share\" referrerpolicy=\"strict-origin-when-cross-origin\" allowfullscreen=\"\"><\/iframe>\n<\/p>\n\n\n\n<figure class=\"wp-block-image size-large\"><a href=\"http:\/\/lienis.landplaninfo.ch\/wp-content\/uploads\/2025\/09\/wp-17567596885487247406198502431006.jpg\"><img loading=\"lazy\" decoding=\"async\" width=\"1024\" height=\"1024\" src=\"http:\/\/lienis.landplaninfo.ch\/wp-content\/uploads\/2025\/09\/wp-17567596885487247406198502431006-1024x1024.jpg\" alt=\"\" class=\"wp-image-8315\" srcset=\"http:\/\/lienis.landplaninfo.ch\/wp-content\/uploads\/2025\/09\/wp-17567596885487247406198502431006-1024x1024.jpg 1024w, http:\/\/lienis.landplaninfo.ch\/wp-content\/uploads\/2025\/09\/wp-17567596885487247406198502431006-300x300.jpg 300w, http:\/\/lienis.landplaninfo.ch\/wp-content\/uploads\/2025\/09\/wp-17567596885487247406198502431006-150x150.jpg 150w, http:\/\/lienis.landplaninfo.ch\/wp-content\/uploads\/2025\/09\/wp-17567596885487247406198502431006-768x768.jpg 768w, http:\/\/lienis.landplaninfo.ch\/wp-content\/uploads\/2025\/09\/wp-17567596885487247406198502431006.jpg 1080w\" sizes=\"auto, (max-width: 1024px) 100vw, 1024px\" \/><\/a><\/figure>\n","protected":false},"excerpt":{"rendered":"<p>Nochmals warmes K\u00f6nigswetter f\u00fcr das letzte Pyren\u00e4entrainig. Dieses f\u00fchrte auf vielen, bisher von mir mit dem Velo noch unbefahrenen, Strassen in der Urschweiz rund um Zuger- und Vierwaldst\u00e4ttersee. Und vermutlich dank ESAF: Erstaunlich wenig Autoverkehr. Die Urschweiz Leergefegt und nach Mollis verpflanzt? Egal, ich habs genossen!<\/p>\n","protected":false},"author":1,"featured_media":0,"comment_status":"closed","ping_status":"closed","sticky":false,"template":"","format":"standard","meta":{"footnotes":""},"categories":[9],"tags":[79,30],"class_list":["post-8301","post","type-post","status-publish","format-standard","hentry","category-andreas","tag-pct25","tag-sportliches"],"_links":{"self":[{"href":"http:\/\/lienis.landplaninfo.ch\/index.php?rest_route=\/wp\/v2\/posts\/8301","targetHints":{"allow":["GET"]}}],"collection":[{"href":"http:\/\/lienis.landplaninfo.ch\/index.php?rest_route=\/wp\/v2\/posts"}],"about":[{"href":"http:\/\/lienis.landplaninfo.ch\/index.php?rest_route=\/wp\/v2\/types\/post"}],"author":[{"embeddable":true,"href":"http:\/\/lienis.landplaninfo.ch\/index.php?rest_route=\/wp\/v2\/users\/1"}],"replies":[{"embeddable":true,"href":"http:\/\/lienis.landplaninfo.ch\/index.php?rest_route=%2Fwp%2Fv2%2Fcomments&post=8301"}],"version-history":[{"count":10,"href":"http:\/\/lienis.landplaninfo.ch\/index.php?rest_route=\/wp\/v2\/posts\/8301\/revisions"}],"predecessor-version":[{"id":8319,"href":"http:\/\/lienis.landplaninfo.ch\/index.php?rest_route=\/wp\/v2\/posts\/8301\/revisions\/8319"}],"wp:attachment":[{"href":"http:\/\/lienis.landplaninfo.ch\/index.php?rest_route=%2Fwp%2Fv2%2Fmedia&parent=8301"}],"wp:term":[{"taxonomy":"category","embeddable":true,"href":"http:\/\/lienis.landplaninfo.ch\/index.php?rest_route=%2Fwp%2Fv2%2Fcategories&post=8301"},{"taxonomy":"post_tag","embeddable":true,"href":"http:\/\/lienis.landplaninfo.ch\/index.php?rest_route=%2Fwp%2Fv2%2Ftags&post=8301"}],"curies":[{"name":"wp","href":"https:\/\/api.w.org\/{rel}","templated":true}]}}