{"id":8288,"date":"2025-08-26T20:55:58","date_gmt":"2025-08-26T18:55:58","guid":{"rendered":"https:\/\/lienis.landplaninfo.ch\/?p=8288"},"modified":"2025-09-04T21:48:19","modified_gmt":"2025-09-04T19:48:19","slug":"vorbereitungen-auf-die-pct25","status":"publish","type":"post","link":"http:\/\/lienis.landplaninfo.ch\/?p=8288","title":{"rendered":"Vorbereitungen auf R\u00fcLi&#8217;s Pyren\u00e4en-Cycling-Tour 2025 (PCT25)"},"content":{"rendered":"\n<figure class=\"wp-block-image size-large\"><a href=\"http:\/\/lienis.landplaninfo.ch\/wp-content\/uploads\/2025\/09\/ChatGPT-Image-4.-Sept.-2025-21_40_44.png\"><img loading=\"lazy\" decoding=\"async\" width=\"1024\" height=\"683\" src=\"http:\/\/lienis.landplaninfo.ch\/wp-content\/uploads\/2025\/09\/ChatGPT-Image-4.-Sept.-2025-21_40_44-1024x683.png\" alt=\"\" class=\"wp-image-8318\" srcset=\"http:\/\/lienis.landplaninfo.ch\/wp-content\/uploads\/2025\/09\/ChatGPT-Image-4.-Sept.-2025-21_40_44-1024x683.png 1024w, http:\/\/lienis.landplaninfo.ch\/wp-content\/uploads\/2025\/09\/ChatGPT-Image-4.-Sept.-2025-21_40_44-300x200.png 300w, http:\/\/lienis.landplaninfo.ch\/wp-content\/uploads\/2025\/09\/ChatGPT-Image-4.-Sept.-2025-21_40_44-768x512.png 768w, http:\/\/lienis.landplaninfo.ch\/wp-content\/uploads\/2025\/09\/ChatGPT-Image-4.-Sept.-2025-21_40_44.png 1536w\" sizes=\"auto, (max-width: 1024px) 100vw, 1024px\" \/><\/a><\/figure>\n\n\n<p>Die Vorbereitungen auf R\u00fcLi&#8217;s Pyren\u00e4en Cycling Tour 2025 sind am Laufen. U.a. ist auch die Seite von Blogging Lienis vor der Tour noch einer technischen und layoutm\u00e4ssigen Erneuerung unterzogen worden um f\u00fcr die kommenden Etappenberichte gut ger\u00fcstet zu sein. Die aktuellen Blogbeitr\u00e4ge werden unter dem Schlagwort <a href=\"https:\/\/lienis.landplaninfo.ch\/?tag=pct25\">PCT25<\/a> gepostet werden.<br \/>\nWenn alles klappt und die Internetverbindungen vorhanden sind, kann unseren Etappen via <a href=\"https:\/\/lienis.landplaninfo.ch\/?page_id=2038\">Live Map<\/a> gefolgt werden, die <a href=\"https:\/\/lienis.landplaninfo.ch\/?page_id=8282\">Etappen\u00fcbersicht<\/a> ist unter dem neuen Seitenlink t\u00e4glich (so der Anspruch vor der Tour) abrufbar.<\/p>","protected":false},"excerpt":{"rendered":"<p>Die Vorbereitungen auf R\u00fcLi&#8217;s Pyren\u00e4en Cycling Tour 2025 sind am Laufen. U.a. ist auch die Seite von Blogging Lienis vor der Tour noch einer technischen und layoutm\u00e4ssigen Erneuerung unterzogen worden um f\u00fcr die kommenden Etappenberichte gut ger\u00fcstet zu sein. Die aktuellen Blogbeitr\u00e4ge werden unter dem Schlagwort PCT25 gepostet werden. Wenn alles klappt und die Internetverbindungen [&hellip;]<\/p>\n","protected":false},"author":1,"featured_media":0,"comment_status":"closed","ping_status":"closed","sticky":false,"template":"","format":"standard","meta":{"footnotes":""},"categories":[9],"tags":[79],"class_list":["post-8288","post","type-post","status-publish","format-standard","hentry","category-andreas","tag-pct25"],"_links":{"self":[{"href":"http:\/\/lienis.landplaninfo.ch\/index.php?rest_route=\/wp\/v2\/posts\/8288","targetHints":{"allow":["GET"]}}],"collection":[{"href":"http:\/\/lienis.landplaninfo.ch\/index.php?rest_route=\/wp\/v2\/posts"}],"about":[{"href":"http:\/\/lienis.landplaninfo.ch\/index.php?rest_route=\/wp\/v2\/types\/post"}],"author":[{"embeddable":true,"href":"http:\/\/lienis.landplaninfo.ch\/index.php?rest_route=\/wp\/v2\/users\/1"}],"replies":[{"embeddable":true,"href":"http:\/\/lienis.landplaninfo.ch\/index.php?rest_route=%2Fwp%2Fv2%2Fcomments&post=8288"}],"version-history":[{"count":5,"href":"http:\/\/lienis.landplaninfo.ch\/index.php?rest_route=\/wp\/v2\/posts\/8288\/revisions"}],"predecessor-version":[{"id":8320,"href":"http:\/\/lienis.landplaninfo.ch\/index.php?rest_route=\/wp\/v2\/posts\/8288\/revisions\/8320"}],"wp:attachment":[{"href":"http:\/\/lienis.landplaninfo.ch\/index.php?rest_route=%2Fwp%2Fv2%2Fmedia&parent=8288"}],"wp:term":[{"taxonomy":"category","embeddable":true,"href":"http:\/\/lienis.landplaninfo.ch\/index.php?rest_route=%2Fwp%2Fv2%2Fcategories&post=8288"},{"taxonomy":"post_tag","embeddable":true,"href":"http:\/\/lienis.landplaninfo.ch\/index.php?rest_route=%2Fwp%2Fv2%2Ftags&post=8288"}],"curies":[{"name":"wp","href":"https:\/\/api.w.org\/{rel}","templated":true}]}}