{"id":8229,"date":"2025-08-01T12:35:09","date_gmt":"2025-08-01T10:35:09","guid":{"rendered":"http:\/\/lienis.landplaninfo.ch\/?p=8229"},"modified":"2025-08-02T11:15:16","modified_gmt":"2025-08-02T09:15:16","slug":"ticino-2025","status":"publish","type":"post","link":"http:\/\/lienis.landplaninfo.ch\/?p=8229","title":{"rendered":"Ticino 2025"},"content":{"rendered":"<p>Velo-Sommerferien 2025, auch dieses Jahr wieder einmal etwas anders als urspr\u00fcnglich geplant (Achillessehne sei Dank). Die 10 Tage Trainingslager im Tessin f\u00fcr die geplante Pyr\u00e4neentour reichten dann doch f\u00fcr runde 690 km mit Total 12&#8217;700 H\u00f6henmeter.<\/p>\n<p>Alle Tracks und Fotos auf dieser Seite vereint&#8230;<img loading=\"lazy\" decoding=\"async\" class=\"size-large wp-image-8242 aligncenter\" src=\"http:\/\/lienis.landplaninfo.ch\/wp-content\/uploads\/2025\/08\/Screenshot-2025-08-02-105921-1024x819.png\" alt=\"\" width=\"1024\" height=\"819\" srcset=\"http:\/\/lienis.landplaninfo.ch\/wp-content\/uploads\/2025\/08\/Screenshot-2025-08-02-105921-1024x819.png 1024w, http:\/\/lienis.landplaninfo.ch\/wp-content\/uploads\/2025\/08\/Screenshot-2025-08-02-105921-300x240.png 300w, http:\/\/lienis.landplaninfo.ch\/wp-content\/uploads\/2025\/08\/Screenshot-2025-08-02-105921-768x614.png 768w, http:\/\/lienis.landplaninfo.ch\/wp-content\/uploads\/2025\/08\/Screenshot-2025-08-02-105921.png 1314w\" sizes=\"auto, (max-width: 1024px) 100vw, 1024px\" \/><\/p>\n<p>Hier die Fotos (ganz ohne nervige Tracks):<br \/>\n<iframe loading=\"lazy\" title=\"YouTube video player\" src=\"https:\/\/www.youtube.com\/embed\/Ou_KxcCinxE?si=aq-tdr-2LHaer3mn\" width=\"560\" height=\"315\" frameborder=\"0\" allowfullscreen=\"allowfullscreen\"><\/iframe><\/p>\n<p>Wer wissen will wo diese Fotos geschossen wurden, muss sich wohl der \u00fcbel durch die aufgezeichneten Tracks k\u00e4mpfen:<br \/>\n<iframe loading=\"lazy\" title=\"YouTube video player\" src=\"https:\/\/www.youtube.com\/embed\/kLotf-pRu24?si=9HTPrqPX7XHDzRpH\" width=\"560\" height=\"315\" frameborder=\"0\" allowfullscreen=\"allowfullscreen\"><\/iframe><\/p>\n<p><iframe loading=\"lazy\" title=\"YouTube video player\" src=\"https:\/\/www.youtube.com\/embed\/hhCKDoDwrkM?si=Fj1LtCquYQT4QZ0k\" width=\"560\" height=\"315\" frameborder=\"0\" allowfullscreen=\"allowfullscreen\"><\/iframe><\/p>\n<p><iframe loading=\"lazy\" title=\"YouTube video player\" src=\"https:\/\/www.youtube.com\/embed\/KbaA9Vm-xQM?si=cvPcAxFn0Fmfkgu3\" width=\"560\" height=\"315\" frameborder=\"0\" allowfullscreen=\"allowfullscreen\"><\/iframe><\/p>\n<p><iframe loading=\"lazy\" title=\"YouTube video player\" src=\"https:\/\/www.youtube.com\/embed\/N3KvRjJWaM4?si=QcretYKqHwiPUQN-\" width=\"560\" height=\"315\" frameborder=\"0\" allowfullscreen=\"allowfullscreen\"><\/iframe><\/p>\n<p><iframe loading=\"lazy\" title=\"YouTube video player\" src=\"https:\/\/www.youtube.com\/embed\/CXO74gznxkA?si=FZkDMhVeN-P3zUsD\" width=\"560\" height=\"315\" frameborder=\"0\" allowfullscreen=\"allowfullscreen\"><\/iframe><\/p>\n<p><iframe loading=\"lazy\" title=\"YouTube video player\" src=\"https:\/\/www.youtube.com\/embed\/OPodbXSifr8?si=msoHgOQFttXoxTzd\" width=\"560\" height=\"315\" frameborder=\"0\" allowfullscreen=\"allowfullscreen\"><\/iframe><\/p>\n<p><iframe loading=\"lazy\" title=\"YouTube video player\" src=\"https:\/\/www.youtube.com\/embed\/MFT021I7ZPA?si=hjl1KIZ56gsFCu9C\" width=\"560\" height=\"315\" frameborder=\"0\" allowfullscreen=\"allowfullscreen\"><\/iframe><\/p>\n<p><iframe loading=\"lazy\" title=\"YouTube video player\" src=\"https:\/\/www.youtube.com\/embed\/R7e61atzc0A?si=x5Qaq_runVHkBX5h\" width=\"560\" height=\"315\" frameborder=\"0\" allowfullscreen=\"allowfullscreen\"><\/iframe><\/p>\n","protected":false},"excerpt":{"rendered":"<p>Velo-Sommerferien 2025, auch dieses Jahr wieder einmal etwas anders als urspr\u00fcnglich geplant (Achillessehne sei Dank). Die 10 Tage Trainingslager im Tessin f\u00fcr die geplante Pyr\u00e4neentour reichten dann doch f\u00fcr runde 690 km mit Total 12&#8217;700 H\u00f6henmeter. Alle Tracks und Fotos auf dieser Seite vereint&#8230; Hier die Fotos (ganz ohne nervige Tracks): Wer wissen will wo [&hellip;]<\/p>\n","protected":false},"author":1,"featured_media":0,"comment_status":"closed","ping_status":"closed","sticky":false,"template":"","format":"standard","meta":{"footnotes":""},"categories":[9,12],"tags":[27,30],"class_list":["post-8229","post","type-post","status-publish","format-standard","hentry","category-andreas","category-jasmin","tag-ferien","tag-sportliches"],"_links":{"self":[{"href":"http:\/\/lienis.landplaninfo.ch\/index.php?rest_route=\/wp\/v2\/posts\/8229","targetHints":{"allow":["GET"]}}],"collection":[{"href":"http:\/\/lienis.landplaninfo.ch\/index.php?rest_route=\/wp\/v2\/posts"}],"about":[{"href":"http:\/\/lienis.landplaninfo.ch\/index.php?rest_route=\/wp\/v2\/types\/post"}],"author":[{"embeddable":true,"href":"http:\/\/lienis.landplaninfo.ch\/index.php?rest_route=\/wp\/v2\/users\/1"}],"replies":[{"embeddable":true,"href":"http:\/\/lienis.landplaninfo.ch\/index.php?rest_route=%2Fwp%2Fv2%2Fcomments&post=8229"}],"version-history":[{"count":17,"href":"http:\/\/lienis.landplaninfo.ch\/index.php?rest_route=\/wp\/v2\/posts\/8229\/revisions"}],"predecessor-version":[{"id":8252,"href":"http:\/\/lienis.landplaninfo.ch\/index.php?rest_route=\/wp\/v2\/posts\/8229\/revisions\/8252"}],"wp:attachment":[{"href":"http:\/\/lienis.landplaninfo.ch\/index.php?rest_route=%2Fwp%2Fv2%2Fmedia&parent=8229"}],"wp:term":[{"taxonomy":"category","embeddable":true,"href":"http:\/\/lienis.landplaninfo.ch\/index.php?rest_route=%2Fwp%2Fv2%2Fcategories&post=8229"},{"taxonomy":"post_tag","embeddable":true,"href":"http:\/\/lienis.landplaninfo.ch\/index.php?rest_route=%2Fwp%2Fv2%2Ftags&post=8229"}],"curies":[{"name":"wp","href":"https:\/\/api.w.org\/{rel}","templated":true}]}}