{"id":7961,"date":"2024-08-02T15:18:30","date_gmt":"2024-08-02T13:18:30","guid":{"rendered":"https:\/\/lienis.landplaninfo.ch\/?p=7961"},"modified":"2024-08-02T15:20:06","modified_gmt":"2024-08-02T13:20:06","slug":"tdf24-etappe-5-ae-chli-wiae-heicho","status":"publish","type":"post","link":"http:\/\/lienis.landplaninfo.ch\/?p=7961","title":{"rendered":"TdF24, Etappe 5 &#8211; \u00c4 chli wi\u00e4 Heicho&#8230;"},"content":{"rendered":"<p>Wie es gestern geendet hatte ging es heute fast den ganzen Tag w\u00e4hrend rund 90 km weiter: Nein, nicht mit Regen sondern auf den Voie Vert, bzw. auf ehemaligen Bahnstrecken, die nun als Radwege dienen. Eigentlich eine gute Sache, w\u00e4ren nicht alle paar hundert Meter tempolimitierende Schranken montiert, bei den man mit der Gep\u00e4ckbreite wohl oder \u00fcbel runterbremsen und runterschalten muss um danach mit erneutem Antritt wieder auf Tempo zu kommen. F\u00fcr einmal also weder Anstiege noch Gegenwind, daf\u00fcr Stop and Go-Training den ganzen Tag. Insgesamt aber ein eher lockerer Rollertag mitten durch die Bresse und der, je mehr wir Richtung Chalon kamen, an die alten Dennevyzeiten erinnerte. Das Fahren entlang dem Canal du Centre f\u00fchlte sich auch nach 10 Jahren seit dem letzten mal noch etwas wie das eigene Wohnzimmer an, inkl. all der Hausboote in den Schleussen gef\u00fcllt mit Deutschschweizern. Die nachmittaglichen Gewitter, die erneut angek\u00fcndigt waren, grollten zwar links und rechts des Weges ab Chalon bedrohlich, verschonten uns heute aber. Mit Chagny haben wir (nach der Umplanerei zum Auftakt) das prim\u00e4re TdF24 Ziel doch noch erreicht. Los von hier gehts dann erst am Sonntag wieder Richtung Schweiz, denn zuerst freuen wir uns nun auf einen kulinarischen Marathon bei Eric Pras im weltber\u00fchmten Maison Lameloise. (Denn diese Belohnung haben wir uns redlich erkurbelt).<br \/>\n<iframe loading=\"lazy\" width=\"560\" height=\"315\" src=\"https:\/\/www.youtube.com\/embed\/Wd-rvDn9KFc?si=hhky_VMxNh4CIBAt\" title=\"YouTube video player\" frameborder=\"0\" allow=\"accelerometer; autoplay; clipboard-write; encrypted-media; gyroscope; picture-in-picture; web-share\" referrerpolicy=\"strict-origin-when-cross-origin\" allowfullscreen=\"\"><\/iframe><\/p>\n","protected":false},"excerpt":{"rendered":"<p>Wie es gestern geendet hatte ging es heute fast den ganzen Tag w\u00e4hrend rund 90 km weiter: Nein, nicht mit Regen sondern auf den Voie Vert, bzw. auf ehemaligen Bahnstrecken, die nun als Radwege dienen. Eigentlich eine gute Sache, w\u00e4ren nicht alle paar hundert Meter tempolimitierende Schranken montiert, bei den man mit der Gep\u00e4ckbreite wohl [&hellip;]<\/p>\n","protected":false},"author":1,"featured_media":0,"comment_status":"closed","ping_status":"closed","sticky":false,"template":"","format":"standard","meta":{"footnotes":""},"categories":[9,12],"tags":[77],"class_list":["post-7961","post","type-post","status-publish","format-standard","hentry","category-andreas","category-jasmin","tag-tdf24"],"_links":{"self":[{"href":"http:\/\/lienis.landplaninfo.ch\/index.php?rest_route=\/wp\/v2\/posts\/7961","targetHints":{"allow":["GET"]}}],"collection":[{"href":"http:\/\/lienis.landplaninfo.ch\/index.php?rest_route=\/wp\/v2\/posts"}],"about":[{"href":"http:\/\/lienis.landplaninfo.ch\/index.php?rest_route=\/wp\/v2\/types\/post"}],"author":[{"embeddable":true,"href":"http:\/\/lienis.landplaninfo.ch\/index.php?rest_route=\/wp\/v2\/users\/1"}],"replies":[{"embeddable":true,"href":"http:\/\/lienis.landplaninfo.ch\/index.php?rest_route=%2Fwp%2Fv2%2Fcomments&post=7961"}],"version-history":[{"count":4,"href":"http:\/\/lienis.landplaninfo.ch\/index.php?rest_route=\/wp\/v2\/posts\/7961\/revisions"}],"predecessor-version":[{"id":7965,"href":"http:\/\/lienis.landplaninfo.ch\/index.php?rest_route=\/wp\/v2\/posts\/7961\/revisions\/7965"}],"wp:attachment":[{"href":"http:\/\/lienis.landplaninfo.ch\/index.php?rest_route=%2Fwp%2Fv2%2Fmedia&parent=7961"}],"wp:term":[{"taxonomy":"category","embeddable":true,"href":"http:\/\/lienis.landplaninfo.ch\/index.php?rest_route=%2Fwp%2Fv2%2Fcategories&post=7961"},{"taxonomy":"post_tag","embeddable":true,"href":"http:\/\/lienis.landplaninfo.ch\/index.php?rest_route=%2Fwp%2Fv2%2Ftags&post=7961"}],"curies":[{"name":"wp","href":"https:\/\/api.w.org\/{rel}","templated":true}]}}