{"id":7943,"date":"2024-07-31T16:11:54","date_gmt":"2024-07-31T14:11:54","guid":{"rendered":"https:\/\/lienis.landplaninfo.ch\/?p=7943"},"modified":"2024-08-13T15:04:58","modified_gmt":"2024-08-13T13:04:58","slug":"tdf24-etappe-3-durch-sibirien","status":"publish","type":"post","link":"http:\/\/lienis.landplaninfo.ch\/?p=7943","title":{"rendered":"TdF24, Etappe 3 &#8211; durch Sibirien"},"content":{"rendered":"<p>Nach einem tollen Fr\u00fchst\u00fccksb\u00fcffet, das alle guten Vors\u00e4tze es nicht zu \u00fcbertreiben sofort vergessen liess, gings dann zuerst mal t\u00fcchtig aufw\u00e4rts, und das schon bei morgentlicher Mittagshitze, was einem nicht nur den Schweiss aus allen Poren treibt sondern einem auch nochmal vor Augen f\u00fchrt, warum man sich beim Buffet doch h\u00e4tte beherschen sollen.<br>Einmal oben auf dem R\u00fccken der Jurakette dann umso sch\u00f6nere Radwege durch die typischen Jurah\u00f6hen mit Blick auf den fr\u00fcher bezwungenen Chasseral und dauernden sanftem Auf und Ab &#8211; eine richtige Geburtstagsausfahrt also. Nach erneutem Aufstieg von Le Locle rauf ins schweizerische Sibirien, auf die Hochebene von Brevin, wo es tats\u00e4chlich deutlich k\u00e4lter war: 28\u00b0! W\u00e4hrend wir uns in Brevin bei einem Teller Grilladen erholten (aus Respekt vor dem Beizer der sich an einem solch kalten Tag am Grill zus\u00e4tzlich aufw\u00e4rmte), fiel das Thermometer rasch auf unter 26\u00b0 Grad (Sibirien eben) und der Himmel verdunkelte sich zusehends.<br>Doch erst als wir einiges sp\u00e4ter im Val de Travers die Grenze \u00fcberquerten (Ja man glaubt es kaum, aber unsere Tour de France ist jetzt tats\u00e4chlich in Frankreich angekommen) wurden wir kurz und heftig nass und verhagelt. Danach wurde es rasch wieder trocken und jetzt im Hotel angekommen k\u00f6nnen wir das Gewittergrollen und Wetterspektakel vom Balkon und Pool aus richtig geniessen.<br><iframe loading=\"lazy\" title=\"YouTube video player\" src=\"https:\/\/www.youtube.com\/embed\/dCZBKJi3JdY?si=DkL9mBk_pIotsdgb\" width=\"560\" height=\"315\" frameborder=\"0\" allowfullscreen=\"allowfullscreen\"><\/iframe><\/p>\n<p>Das Velo-&#8218;Geburimenu&#8216;:<\/p>\n\n\n<figure class=\"wp-block-image size-large is-resized\"><a href=\"https:\/\/lienis.landplaninfo.ch\/wp-content\/uploads\/2024\/07\/1000018409-scaled.jpg\"><img loading=\"lazy\" decoding=\"async\" src=\"https:\/\/lienis.landplaninfo.ch\/wp-content\/uploads\/2024\/07\/1000018409-1024x1024.jpg\" alt=\"\" class=\"wp-image-7949\" width=\"458\" height=\"458\" srcset=\"http:\/\/lienis.landplaninfo.ch\/wp-content\/uploads\/2024\/07\/1000018409-1024x1024.jpg 1024w, http:\/\/lienis.landplaninfo.ch\/wp-content\/uploads\/2024\/07\/1000018409-300x300.jpg 300w, http:\/\/lienis.landplaninfo.ch\/wp-content\/uploads\/2024\/07\/1000018409-150x150.jpg 150w, http:\/\/lienis.landplaninfo.ch\/wp-content\/uploads\/2024\/07\/1000018409-768x768.jpg 768w, http:\/\/lienis.landplaninfo.ch\/wp-content\/uploads\/2024\/07\/1000018409-1536x1536.jpg 1536w, http:\/\/lienis.landplaninfo.ch\/wp-content\/uploads\/2024\/07\/1000018409-2048x2048.jpg 2048w\" sizes=\"auto, (max-width: 458px) 100vw, 458px\" \/><\/a><\/figure>\n\n\n\n<figure class=\"wp-block-image size-large is-resized\"><a href=\"https:\/\/lienis.landplaninfo.ch\/wp-content\/uploads\/2024\/07\/1000018410-scaled.jpg\"><img loading=\"lazy\" decoding=\"async\" src=\"https:\/\/lienis.landplaninfo.ch\/wp-content\/uploads\/2024\/07\/1000018410-1024x1024.jpg\" alt=\"\" class=\"wp-image-7950\" width=\"459\" height=\"459\" srcset=\"http:\/\/lienis.landplaninfo.ch\/wp-content\/uploads\/2024\/07\/1000018410-1024x1024.jpg 1024w, http:\/\/lienis.landplaninfo.ch\/wp-content\/uploads\/2024\/07\/1000018410-300x300.jpg 300w, http:\/\/lienis.landplaninfo.ch\/wp-content\/uploads\/2024\/07\/1000018410-150x150.jpg 150w, http:\/\/lienis.landplaninfo.ch\/wp-content\/uploads\/2024\/07\/1000018410-768x768.jpg 768w, http:\/\/lienis.landplaninfo.ch\/wp-content\/uploads\/2024\/07\/1000018410-1536x1536.jpg 1536w, http:\/\/lienis.landplaninfo.ch\/wp-content\/uploads\/2024\/07\/1000018410-2048x2048.jpg 2048w\" sizes=\"auto, (max-width: 459px) 100vw, 459px\" \/><\/a><\/figure>\n\n\n\n<p>Und das war das T\u00f6fli-Geburimenu (Zugegeben erwas abgek\u00fcrzt &#8211; Hauptgang &#8218;Forelle&#8216;-Bild feht)<\/p>\n\n\n\n<p>(Und Spoiler : Aufgrund der Ferienauftaktverz\u00f6gerungen ist as nat\u00fcrlich noch nicht das richtige Geburiessen &#8211; wir sind weiterhin auf dem Weg dahin.????)<\/p>\n","protected":false},"excerpt":{"rendered":"<p>Nach einem tollen Fr\u00fchst\u00fccksb\u00fcffet, das alle guten Vors\u00e4tze es nicht zu \u00fcbertreiben sofort vergessen liess, gings dann zuerst mal t\u00fcchtig aufw\u00e4rts, und das schon bei morgentlicher Mittagshitze, was einem nicht nur den Schweiss aus allen Poren treibt sondern einem auch nochmal vor Augen f\u00fchrt, warum man sich beim Buffet doch h\u00e4tte beherschen sollen.Einmal oben auf [&hellip;]<\/p>\n","protected":false},"author":1,"featured_media":0,"comment_status":"closed","ping_status":"closed","sticky":false,"template":"","format":"standard","meta":{"footnotes":""},"categories":[9,12],"tags":[77],"class_list":["post-7943","post","type-post","status-publish","format-standard","hentry","category-andreas","category-jasmin","tag-tdf24"],"_links":{"self":[{"href":"http:\/\/lienis.landplaninfo.ch\/index.php?rest_route=\/wp\/v2\/posts\/7943","targetHints":{"allow":["GET"]}}],"collection":[{"href":"http:\/\/lienis.landplaninfo.ch\/index.php?rest_route=\/wp\/v2\/posts"}],"about":[{"href":"http:\/\/lienis.landplaninfo.ch\/index.php?rest_route=\/wp\/v2\/types\/post"}],"author":[{"embeddable":true,"href":"http:\/\/lienis.landplaninfo.ch\/index.php?rest_route=\/wp\/v2\/users\/1"}],"replies":[{"embeddable":true,"href":"http:\/\/lienis.landplaninfo.ch\/index.php?rest_route=%2Fwp%2Fv2%2Fcomments&post=7943"}],"version-history":[{"count":7,"href":"http:\/\/lienis.landplaninfo.ch\/index.php?rest_route=\/wp\/v2\/posts\/7943\/revisions"}],"predecessor-version":[{"id":8057,"href":"http:\/\/lienis.landplaninfo.ch\/index.php?rest_route=\/wp\/v2\/posts\/7943\/revisions\/8057"}],"wp:attachment":[{"href":"http:\/\/lienis.landplaninfo.ch\/index.php?rest_route=%2Fwp%2Fv2%2Fmedia&parent=7943"}],"wp:term":[{"taxonomy":"category","embeddable":true,"href":"http:\/\/lienis.landplaninfo.ch\/index.php?rest_route=%2Fwp%2Fv2%2Fcategories&post=7943"},{"taxonomy":"post_tag","embeddable":true,"href":"http:\/\/lienis.landplaninfo.ch\/index.php?rest_route=%2Fwp%2Fv2%2Ftags&post=7943"}],"curies":[{"name":"wp","href":"https:\/\/api.w.org\/{rel}","templated":true}]}}