{"id":7937,"date":"2024-07-30T15:46:36","date_gmt":"2024-07-30T13:46:36","guid":{"rendered":"https:\/\/lienis.landplaninfo.ch\/?p=7937"},"modified":"2024-07-30T15:50:38","modified_gmt":"2024-07-30T13:50:38","slug":"tdf24-etappe-2-naturpark-thal-saint-imier","status":"publish","type":"post","link":"http:\/\/lienis.landplaninfo.ch\/?p=7937","title":{"rendered":"TdF24, Etappe 2 &#8211; Naturpark Thal &#8211; Saint-Imier"},"content":{"rendered":"<p>Durch das Herz des Schweizer Juras ging es heute. Noch nicht ganz bis Frankreich aber immerhin sprechen sie hier schon etwa so. Bei weit \u00fcber 30\u00b0 ging es in den Jurat\u00e4ler entlang zum Gl\u00fcck mit nur moderaten Steigungen. Die T\u00e4ler liessen sich immer sch\u00f6n durch eine Klus mit wenig H\u00f6henmetern wechseln, was in mir die Erinnerung an den Geographieunterricht in der Mittelstufe erinnerte, als uns das erste mal das mit den Juraketten und den Klusen (Hmmm &#8211; ist das wirklich die Mehrzahl von Klus?) verklickert wurde. Damit ist nun auch die letzte Vorvoretappe (0.3) mit dem TdF24-Track zusammenh\u00e4ngend verbunden, und in Anbetracht der Hitze ist es Dank der Vorvoretappe \u00fcber den Chasseral ein leichtes im klimatisierten Hotelzimmer, der Versuchung da nochmals hochzustrampeln, zu widerstehen, selbst wenn die fr\u00fche Ankunft solches Nahe legen w\u00fcrde.<br \/>\n<iframe loading=\"lazy\" width=\"560\" height=\"315\" src=\"https:\/\/www.youtube.com\/embed\/EtHd8ar5tAU?si=c5FjsRhVuUV6TAH-\" title=\"YouTube video player\" frameborder=\"0\" allow=\"accelerometer; autoplay; clipboard-write; encrypted-media; gyroscope; picture-in-picture; web-share\" referrerpolicy=\"strict-origin-when-cross-origin\" allowfullscreen=\"\"><\/iframe><\/p>\n","protected":false},"excerpt":{"rendered":"<p>Durch das Herz des Schweizer Juras ging es heute. Noch nicht ganz bis Frankreich aber immerhin sprechen sie hier schon etwa so. Bei weit \u00fcber 30\u00b0 ging es in den Jurat\u00e4ler entlang zum Gl\u00fcck mit nur moderaten Steigungen. Die T\u00e4ler liessen sich immer sch\u00f6n durch eine Klus mit wenig H\u00f6henmetern wechseln, was in mir die [&hellip;]<\/p>\n","protected":false},"author":1,"featured_media":0,"comment_status":"closed","ping_status":"closed","sticky":false,"template":"","format":"standard","meta":{"footnotes":""},"categories":[9,12],"tags":[77],"class_list":["post-7937","post","type-post","status-publish","format-standard","hentry","category-andreas","category-jasmin","tag-tdf24"],"_links":{"self":[{"href":"http:\/\/lienis.landplaninfo.ch\/index.php?rest_route=\/wp\/v2\/posts\/7937","targetHints":{"allow":["GET"]}}],"collection":[{"href":"http:\/\/lienis.landplaninfo.ch\/index.php?rest_route=\/wp\/v2\/posts"}],"about":[{"href":"http:\/\/lienis.landplaninfo.ch\/index.php?rest_route=\/wp\/v2\/types\/post"}],"author":[{"embeddable":true,"href":"http:\/\/lienis.landplaninfo.ch\/index.php?rest_route=\/wp\/v2\/users\/1"}],"replies":[{"embeddable":true,"href":"http:\/\/lienis.landplaninfo.ch\/index.php?rest_route=%2Fwp%2Fv2%2Fcomments&post=7937"}],"version-history":[{"count":3,"href":"http:\/\/lienis.landplaninfo.ch\/index.php?rest_route=\/wp\/v2\/posts\/7937\/revisions"}],"predecessor-version":[{"id":7940,"href":"http:\/\/lienis.landplaninfo.ch\/index.php?rest_route=\/wp\/v2\/posts\/7937\/revisions\/7940"}],"wp:attachment":[{"href":"http:\/\/lienis.landplaninfo.ch\/index.php?rest_route=%2Fwp%2Fv2%2Fmedia&parent=7937"}],"wp:term":[{"taxonomy":"category","embeddable":true,"href":"http:\/\/lienis.landplaninfo.ch\/index.php?rest_route=%2Fwp%2Fv2%2Fcategories&post=7937"},{"taxonomy":"post_tag","embeddable":true,"href":"http:\/\/lienis.landplaninfo.ch\/index.php?rest_route=%2Fwp%2Fv2%2Ftags&post=7937"}],"curies":[{"name":"wp","href":"https:\/\/api.w.org\/{rel}","templated":true}]}}