{"id":7929,"date":"2024-07-29T18:26:46","date_gmt":"2024-07-29T16:26:46","guid":{"rendered":"https:\/\/lienis.landplaninfo.ch\/?p=7929"},"modified":"2024-07-29T18:58:21","modified_gmt":"2024-07-29T16:58:21","slug":"tdf24-etappe-1-die-namenlosen-hoehenmeter","status":"publish","type":"post","link":"http:\/\/lienis.landplaninfo.ch\/?p=7929","title":{"rendered":"TdF24, Etappe 1 &#8211; Die namenlosen H\u00f6henmeter"},"content":{"rendered":"<p>Tats\u00e4chlich hat es im 2. Anlauf nun geklappt und wir sind los und diesmal Richtung Westen und damit einen Schritt, bzw. die erste Etappe, weiter zu unserer Tour de France 24. Das e-Rollerli h\u00e4lt durch, auch wenn es wie heute dauernd rauf und runter geht und auch \u00fcber 20% meistert es (knapp und mit leichter Tretunterst\u00fctzung). Nach den klingenden Namen der Alpenp\u00e4sse der letzten Tage sind heute eher namenlose H\u00f6henmeter auf der Route gestanden. Immerhin Milchbuck und Mutschellen kennt man, aber wem sagt Vorstadt zw. Niederwil und H\u00e4ggligen, Chell\u00e4 zw. Hendschikon und Egliswil, der Sch\u00fcrberg zw. Seon und Gr\u00e4nichen oder der R\u00fctihof r\u00fcber nach Muhen und dann die steile Wand schlechthin von Sch\u00f6ftland nach Uerkheim und zum Dessert noch \u00fcber M\u00fchlental Linden, etwas. So ging es bei sommerlicher Hitze \u00fcber 8 H\u00f6ger, mit total 1&#8217;200 Hm., deren Namen mir vor heute auch nichts sagten, sofern sie denn einen haben.<\/p>\n<p>Und ich kann sagen, ich war mal wieder in der &#8218;Heimat&#8216; denn mit Z\u00fcrch und mit Uerkheim haben wir grad beide Heimatorte durchquert, die da in meiner ID als Heimatort aufgef\u00fchrt sind (wobei das mit Z\u00fcrich nicht so eine Ausnahme ist, und Z\u00fcrich ist wirklich keine Velostatt und das Durchkommen eher m\u00fchsam, da helfen die zahreich Baustellenumfahrungen auch nicht.) Und das gleiche gilt noch viel mehr f\u00fcr Jasmin den der Mittagshalt war heute in Dottikon bei Mam.<\/p>\n<p>Der Teil ausserhalb Z\u00fcrich und Limmattal war landschaftlich sehr toll, auch ohne Gletscher und Felsen (daf\u00fcr mit Softeis!) und ohne das dauernde Motorradgedr\u00f6hn der Alpenp\u00e4sse. (Dabei blende ich den L\u00fcfterl\u00e4rm, der die Akkuladeger\u00e4te im Hotelzimmer veranstalten grad mal eben aus &#8211; soll ja &#8217;nur&#8216; 6h dauern den Roller f\u00fcr morgen wieder voll zu kriegen, da brauchts wohl zum Einschlafen doch noch einen Talisker o.s.\u00e4.).<br \/>\n<iframe loading=\"lazy\" width=\"560\" height=\"315\" src=\"https:\/\/www.youtube.com\/embed\/6N1_pRyn7jU?si=sZ_50VXg2AI3v6Q5\" title=\"YouTube video player\" frameborder=\"0\" allow=\"accelerometer; autoplay; clipboard-write; encrypted-media; gyroscope; picture-in-picture; web-share\" referrerpolicy=\"strict-origin-when-cross-origin\" allowfullscreen=\"\"><\/iframe><\/p>\n","protected":false},"excerpt":{"rendered":"<p>Tats\u00e4chlich hat es im 2. Anlauf nun geklappt und wir sind los und diesmal Richtung Westen und damit einen Schritt, bzw. die erste Etappe, weiter zu unserer Tour de France 24. Das e-Rollerli h\u00e4lt durch, auch wenn es wie heute dauernd rauf und runter geht und auch \u00fcber 20% meistert es (knapp und mit leichter [&hellip;]<\/p>\n","protected":false},"author":1,"featured_media":0,"comment_status":"closed","ping_status":"closed","sticky":false,"template":"","format":"standard","meta":{"footnotes":""},"categories":[9,12],"tags":[77],"class_list":["post-7929","post","type-post","status-publish","format-standard","hentry","category-andreas","category-jasmin","tag-tdf24"],"_links":{"self":[{"href":"http:\/\/lienis.landplaninfo.ch\/index.php?rest_route=\/wp\/v2\/posts\/7929","targetHints":{"allow":["GET"]}}],"collection":[{"href":"http:\/\/lienis.landplaninfo.ch\/index.php?rest_route=\/wp\/v2\/posts"}],"about":[{"href":"http:\/\/lienis.landplaninfo.ch\/index.php?rest_route=\/wp\/v2\/types\/post"}],"author":[{"embeddable":true,"href":"http:\/\/lienis.landplaninfo.ch\/index.php?rest_route=\/wp\/v2\/users\/1"}],"replies":[{"embeddable":true,"href":"http:\/\/lienis.landplaninfo.ch\/index.php?rest_route=%2Fwp%2Fv2%2Fcomments&post=7929"}],"version-history":[{"count":6,"href":"http:\/\/lienis.landplaninfo.ch\/index.php?rest_route=\/wp\/v2\/posts\/7929\/revisions"}],"predecessor-version":[{"id":7935,"href":"http:\/\/lienis.landplaninfo.ch\/index.php?rest_route=\/wp\/v2\/posts\/7929\/revisions\/7935"}],"wp:attachment":[{"href":"http:\/\/lienis.landplaninfo.ch\/index.php?rest_route=%2Fwp%2Fv2%2Fmedia&parent=7929"}],"wp:term":[{"taxonomy":"category","embeddable":true,"href":"http:\/\/lienis.landplaninfo.ch\/index.php?rest_route=%2Fwp%2Fv2%2Fcategories&post=7929"},{"taxonomy":"post_tag","embeddable":true,"href":"http:\/\/lienis.landplaninfo.ch\/index.php?rest_route=%2Fwp%2Fv2%2Ftags&post=7929"}],"curies":[{"name":"wp","href":"https:\/\/api.w.org\/{rel}","templated":true}]}}