{"id":7920,"date":"2024-07-28T15:25:29","date_gmt":"2024-07-28T13:25:29","guid":{"rendered":"https:\/\/lienis.landplaninfo.ch\/?p=7920"},"modified":"2024-07-28T15:52:58","modified_gmt":"2024-07-28T13:52:58","slug":"tdf24-voretappe-4-flueela","status":"publish","type":"post","link":"http:\/\/lienis.landplaninfo.ch\/?p=7920","title":{"rendered":"TdF24, Voretappe 4 &#8211; Fl\u00fcela"},"content":{"rendered":"<p>Die Ruhe wirkte und Jasmin scheint wieder Reisefit zu sein. Also startet heute die letzte Voretappe, die uns \u00fcber den Fl\u00fcela durch den Pr\u00e4ttigauer Gegenwind in die sch\u00f6nen Weinberge der B\u00fcndner Herrschaft f\u00fchrt. Begleitet von chrosenden G\u00e4ngen und springenden Ketten, die sich jedoch mit Multitool und Ketten\u00f6l weitgehend auskurieren liessen &#8211; schwarze H\u00e4nde inbegriffen! Selbst der kleine Gang auf dem grossen Kettenblatt stand im giftigen Aufstieg zum Fl\u00fcela R\u00fcfi wieder zur Verf\u00fcgung.<br>\nDas &#8217;nice Shirt&#8216; vor mir wird mir fehlen, die Lust auf Talisker vermutlich etwas abnehmen (Insider).<br>\nDanke f\u00fcr die Begleitung \u00fcber 9 P\u00e4sse, 305 km und 6&#8217;500 Hm.<br>\n<iframe loading=\"lazy\" width=\"560\" height=\"315\" src=\"https:\/\/www.youtube.com\/embed\/p_pmLXc38Ig?si=esHhUkM0VtLYsPBJ\" title=\"YouTube video player\" frameborder=\"0\" allow=\"accelerometer; autoplay; clipboard-write; encrypted-media; gyroscope; picture-in-picture; web-share\" referrerpolicy=\"strict-origin-when-cross-origin\" allowfullscreen=\"\"><\/iframe><\/p>\n<p><\/p>\n\n\n<figure class=\"wp-block-image size-large\"><a href=\"https:\/\/lienis.landplaninfo.ch\/wp-content\/uploads\/2024\/07\/1000018301-scaled.jpg\"><img loading=\"lazy\" decoding=\"async\" width=\"1024\" height=\"558\" src=\"https:\/\/lienis.landplaninfo.ch\/wp-content\/uploads\/2024\/07\/1000018301-1024x558.jpg\" alt=\"\" class=\"wp-image-7926\" srcset=\"http:\/\/lienis.landplaninfo.ch\/wp-content\/uploads\/2024\/07\/1000018301-1024x558.jpg 1024w, http:\/\/lienis.landplaninfo.ch\/wp-content\/uploads\/2024\/07\/1000018301-300x163.jpg 300w, http:\/\/lienis.landplaninfo.ch\/wp-content\/uploads\/2024\/07\/1000018301-768x419.jpg 768w, http:\/\/lienis.landplaninfo.ch\/wp-content\/uploads\/2024\/07\/1000018301-1536x837.jpg 1536w, http:\/\/lienis.landplaninfo.ch\/wp-content\/uploads\/2024\/07\/1000018301-2048x1116.jpg 2048w\" sizes=\"auto, (max-width: 1024px) 100vw, 1024px\" \/><\/a><\/figure>\n","protected":false},"excerpt":{"rendered":"<p>Die Ruhe wirkte und Jasmin scheint wieder Reisefit zu sein. Also startet heute die letzte Voretappe, die uns \u00fcber den Fl\u00fcela durch den Pr\u00e4ttigauer Gegenwind in die sch\u00f6nen Weinberge der B\u00fcndner Herrschaft f\u00fchrt. Begleitet von chrosenden G\u00e4ngen und springenden Ketten, die sich jedoch mit Multitool und Ketten\u00f6l weitgehend auskurieren liessen &#8211; schwarze H\u00e4nde inbegriffen! Selbst [&hellip;]<\/p>\n","protected":false},"author":1,"featured_media":0,"comment_status":"closed","ping_status":"closed","sticky":false,"template":"","format":"standard","meta":{"footnotes":""},"categories":[9],"tags":[77],"class_list":["post-7920","post","type-post","status-publish","format-standard","hentry","category-andreas","tag-tdf24"],"_links":{"self":[{"href":"http:\/\/lienis.landplaninfo.ch\/index.php?rest_route=\/wp\/v2\/posts\/7920","targetHints":{"allow":["GET"]}}],"collection":[{"href":"http:\/\/lienis.landplaninfo.ch\/index.php?rest_route=\/wp\/v2\/posts"}],"about":[{"href":"http:\/\/lienis.landplaninfo.ch\/index.php?rest_route=\/wp\/v2\/types\/post"}],"author":[{"embeddable":true,"href":"http:\/\/lienis.landplaninfo.ch\/index.php?rest_route=\/wp\/v2\/users\/1"}],"replies":[{"embeddable":true,"href":"http:\/\/lienis.landplaninfo.ch\/index.php?rest_route=%2Fwp%2Fv2%2Fcomments&post=7920"}],"version-history":[{"count":5,"href":"http:\/\/lienis.landplaninfo.ch\/index.php?rest_route=\/wp\/v2\/posts\/7920\/revisions"}],"predecessor-version":[{"id":7927,"href":"http:\/\/lienis.landplaninfo.ch\/index.php?rest_route=\/wp\/v2\/posts\/7920\/revisions\/7927"}],"wp:attachment":[{"href":"http:\/\/lienis.landplaninfo.ch\/index.php?rest_route=%2Fwp%2Fv2%2Fmedia&parent=7920"}],"wp:term":[{"taxonomy":"category","embeddable":true,"href":"http:\/\/lienis.landplaninfo.ch\/index.php?rest_route=%2Fwp%2Fv2%2Fcategories&post=7920"},{"taxonomy":"post_tag","embeddable":true,"href":"http:\/\/lienis.landplaninfo.ch\/index.php?rest_route=%2Fwp%2Fv2%2Ftags&post=7920"}],"curies":[{"name":"wp","href":"https:\/\/api.w.org\/{rel}","templated":true}]}}