{"id":7910,"date":"2024-07-26T16:48:04","date_gmt":"2024-07-26T14:48:04","guid":{"rendered":"https:\/\/lienis.landplaninfo.ch\/?p=7910"},"modified":"2024-07-26T16:48:05","modified_gmt":"2024-07-26T14:48:05","slug":"tdf24-voretappe-2-bernina-livigno-bira-foscagno","status":"publish","type":"post","link":"http:\/\/lienis.landplaninfo.ch\/?p=7910","title":{"rendered":"TdF24, Voretappe 2 &#8211; Bernina-Livigno-Bira-Foscagno"},"content":{"rendered":"<p>4 P\u00e4sse \u00fcber 2&#8217;200 und 2&#8217;300 M.\u00fc.M und trotzdem 1&#8217;000 H\u00f6henmeter weniger auf dem Tacho als gestern. Eigentlich ein entspannter Tag w\u00fcrde nicht gestern noch etwas nachwirken und bestes Velowetter, nicht zu frisch, wir starten bei 15\u00b0 und auch am Nachmittag in der H\u00f6he nur um die 20\u00b0. Rund um Livigno sind wir bei weiten nicht die einzigen G\u00fcmmeler allerdings fast die Einzigen, die mit Gep\u00e4ck beladen und nicht von einem Manschaftsauto begleitet werden, das vor der Abfahrt Windjacken und im Aufstieg Riegel reichen kann, &#8230; und wir sind logischerweise auch die Langsamsten &#8211; wenigstens solange es berauf geht. Runter hilft das viele Gewicht (ich spreche nicht vom Gep\u00e4ck sondern von unseren Massnahmen um ja keinen Hungerast zu kriegen) mit allen, auch den Besten, mitzuhalten. Entsprechend fr\u00fch ist heute Feierabend mit dem Stelvio-Birra von Bormio.<br>\n<iframe loading=\"lazy\" width=\"560\" height=\"315\" src=\"https:\/\/www.youtube.com\/embed\/q3p0gbutKxw?si=GF7aZngALLqDeKsU\" title=\"YouTube video player\" frameborder=\"0\" allow=\"accelerometer; autoplay; clipboard-write; encrypted-media; gyroscope; picture-in-picture; web-share\" referrerpolicy=\"strict-origin-when-cross-origin\" allowfullscreen=\"\"><\/iframe><\/p>\n\n\n<figure class=\"wp-block-image size-large\"><a href=\"https:\/\/lienis.landplaninfo.ch\/wp-content\/uploads\/2024\/07\/1000018225-scaled.jpg\"><img loading=\"lazy\" decoding=\"async\" width=\"1024\" height=\"577\" src=\"https:\/\/lienis.landplaninfo.ch\/wp-content\/uploads\/2024\/07\/1000018225-1024x577.jpg\" alt=\"\" class=\"wp-image-7913\" srcset=\"http:\/\/lienis.landplaninfo.ch\/wp-content\/uploads\/2024\/07\/1000018225-1024x577.jpg 1024w, http:\/\/lienis.landplaninfo.ch\/wp-content\/uploads\/2024\/07\/1000018225-300x169.jpg 300w, http:\/\/lienis.landplaninfo.ch\/wp-content\/uploads\/2024\/07\/1000018225-768x432.jpg 768w, http:\/\/lienis.landplaninfo.ch\/wp-content\/uploads\/2024\/07\/1000018225-1536x865.jpg 1536w, http:\/\/lienis.landplaninfo.ch\/wp-content\/uploads\/2024\/07\/1000018225-2048x1153.jpg 2048w\" sizes=\"auto, (max-width: 1024px) 100vw, 1024px\" \/><\/a><\/figure>\n","protected":false},"excerpt":{"rendered":"<p>4 P\u00e4sse \u00fcber 2&#8217;200 und 2&#8217;300 M.\u00fc.M und trotzdem 1&#8217;000 H\u00f6henmeter weniger auf dem Tacho als gestern. Eigentlich ein entspannter Tag w\u00fcrde nicht gestern noch etwas nachwirken und bestes Velowetter, nicht zu frisch, wir starten bei 15\u00b0 und auch am Nachmittag in der H\u00f6he nur um die 20\u00b0. Rund um Livigno sind wir bei weiten [&hellip;]<\/p>\n","protected":false},"author":1,"featured_media":0,"comment_status":"closed","ping_status":"closed","sticky":false,"template":"","format":"standard","meta":{"footnotes":""},"categories":[9],"tags":[77],"class_list":["post-7910","post","type-post","status-publish","format-standard","hentry","category-andreas","tag-tdf24"],"_links":{"self":[{"href":"http:\/\/lienis.landplaninfo.ch\/index.php?rest_route=\/wp\/v2\/posts\/7910","targetHints":{"allow":["GET"]}}],"collection":[{"href":"http:\/\/lienis.landplaninfo.ch\/index.php?rest_route=\/wp\/v2\/posts"}],"about":[{"href":"http:\/\/lienis.landplaninfo.ch\/index.php?rest_route=\/wp\/v2\/types\/post"}],"author":[{"embeddable":true,"href":"http:\/\/lienis.landplaninfo.ch\/index.php?rest_route=\/wp\/v2\/users\/1"}],"replies":[{"embeddable":true,"href":"http:\/\/lienis.landplaninfo.ch\/index.php?rest_route=%2Fwp%2Fv2%2Fcomments&post=7910"}],"version-history":[{"count":3,"href":"http:\/\/lienis.landplaninfo.ch\/index.php?rest_route=\/wp\/v2\/posts\/7910\/revisions"}],"predecessor-version":[{"id":7914,"href":"http:\/\/lienis.landplaninfo.ch\/index.php?rest_route=\/wp\/v2\/posts\/7910\/revisions\/7914"}],"wp:attachment":[{"href":"http:\/\/lienis.landplaninfo.ch\/index.php?rest_route=%2Fwp%2Fv2%2Fmedia&parent=7910"}],"wp:term":[{"taxonomy":"category","embeddable":true,"href":"http:\/\/lienis.landplaninfo.ch\/index.php?rest_route=%2Fwp%2Fv2%2Fcategories&post=7910"},{"taxonomy":"post_tag","embeddable":true,"href":"http:\/\/lienis.landplaninfo.ch\/index.php?rest_route=%2Fwp%2Fv2%2Ftags&post=7910"}],"curies":[{"name":"wp","href":"https:\/\/api.w.org\/{rel}","templated":true}]}}