{"id":7905,"date":"2024-07-25T18:29:13","date_gmt":"2024-07-25T16:29:13","guid":{"rendered":"https:\/\/lienis.landplaninfo.ch\/?p=7905"},"modified":"2024-07-25T18:30:36","modified_gmt":"2024-07-25T16:30:36","slug":"tdf24-voretappe-1-lenzerheide-julier","status":"publish","type":"post","link":"http:\/\/lienis.landplaninfo.ch\/?p=7905","title":{"rendered":"TdF24, Voretappe 1 &#8211; Lenzerheide-Julier"},"content":{"rendered":"<p>Voretappe??? Ja, das sollen die Etappen sein, die aus bekannten Gr\u00fcnden, vor der eigentlich TdF24 kommen (Auch Profis bereiten sich ja oft an der Tour de Suisse auf die Tour de France vor). Diese Vortour absolviere ich mit R\u00fcfi und da lockten bei den heissen Wetterprognosen m\u00f6glichst hohe Alpenp\u00e4sse. Dass es daf\u00fcr eigentlich ordentlich Training in den Beinen braucht und die Sonne in der H\u00f6he noch erbarmungloser runterbrennt haben wir gefliessentlich bei der Spontanplanung ignoriert. So wars am Schluss dann schon etwas ein Kampf ins Engadin r\u00fcber zu kommen zumal Lenzerheide und Julier zusammen doch \u00fcber 2&#8217;400 Hm ergaben: Saisonrekord!!! Was an Sonne diesen Sommer bisher gefehlt hat haben wir jedenfalls heute in einer einzigen Tour kompensieren k\u00f6nnen.<br \/>\n<iframe loading=\"lazy\" width=\"560\" height=\"315\" src=\"https:\/\/www.youtube.com\/embed\/BKz_pTBsS98?si=sJDRbCQ0sGEgrHoT\" title=\"YouTube video player\" frameborder=\"0\" allow=\"accelerometer; autoplay; clipboard-write; encrypted-media; gyroscope; picture-in-picture; web-share\" referrerpolicy=\"strict-origin-when-cross-origin\" allowfullscreen=\"\"><\/iframe><\/p>\n","protected":false},"excerpt":{"rendered":"<p>Voretappe??? Ja, das sollen die Etappen sein, die aus bekannten Gr\u00fcnden, vor der eigentlich TdF24 kommen (Auch Profis bereiten sich ja oft an der Tour de Suisse auf die Tour de France vor). Diese Vortour absolviere ich mit R\u00fcfi und da lockten bei den heissen Wetterprognosen m\u00f6glichst hohe Alpenp\u00e4sse. Dass es daf\u00fcr eigentlich ordentlich Training [&hellip;]<\/p>\n","protected":false},"author":1,"featured_media":0,"comment_status":"closed","ping_status":"closed","sticky":false,"template":"","format":"standard","meta":{"footnotes":""},"categories":[9],"tags":[77],"class_list":["post-7905","post","type-post","status-publish","format-standard","hentry","category-andreas","tag-tdf24"],"_links":{"self":[{"href":"http:\/\/lienis.landplaninfo.ch\/index.php?rest_route=\/wp\/v2\/posts\/7905","targetHints":{"allow":["GET"]}}],"collection":[{"href":"http:\/\/lienis.landplaninfo.ch\/index.php?rest_route=\/wp\/v2\/posts"}],"about":[{"href":"http:\/\/lienis.landplaninfo.ch\/index.php?rest_route=\/wp\/v2\/types\/post"}],"author":[{"embeddable":true,"href":"http:\/\/lienis.landplaninfo.ch\/index.php?rest_route=\/wp\/v2\/users\/1"}],"replies":[{"embeddable":true,"href":"http:\/\/lienis.landplaninfo.ch\/index.php?rest_route=%2Fwp%2Fv2%2Fcomments&post=7905"}],"version-history":[{"count":3,"href":"http:\/\/lienis.landplaninfo.ch\/index.php?rest_route=\/wp\/v2\/posts\/7905\/revisions"}],"predecessor-version":[{"id":7908,"href":"http:\/\/lienis.landplaninfo.ch\/index.php?rest_route=\/wp\/v2\/posts\/7905\/revisions\/7908"}],"wp:attachment":[{"href":"http:\/\/lienis.landplaninfo.ch\/index.php?rest_route=%2Fwp%2Fv2%2Fmedia&parent=7905"}],"wp:term":[{"taxonomy":"category","embeddable":true,"href":"http:\/\/lienis.landplaninfo.ch\/index.php?rest_route=%2Fwp%2Fv2%2Fcategories&post=7905"},{"taxonomy":"post_tag","embeddable":true,"href":"http:\/\/lienis.landplaninfo.ch\/index.php?rest_route=%2Fwp%2Fv2%2Ftags&post=7905"}],"curies":[{"name":"wp","href":"https:\/\/api.w.org\/{rel}","templated":true}]}}