{"id":7897,"date":"2024-07-24T20:22:18","date_gmt":"2024-07-24T18:22:18","guid":{"rendered":"https:\/\/lienis.landplaninfo.ch\/?p=7897"},"modified":"2024-07-24T20:23:55","modified_gmt":"2024-07-24T18:23:55","slug":"tdf24-etappe-0-0-batterietest","status":"publish","type":"post","link":"http:\/\/lienis.landplaninfo.ch\/?p=7897","title":{"rendered":"TdF24, Etappe 0.0 &#8211; Batterietest"},"content":{"rendered":"<p>Leider heute doch kein Start Richtung Frankreich und auch keinen Velokilometer. Das Kopfweh leider eher schlimmer als besser geworden, daher ist weiterhin Ruhe f\u00fcr Jasmin angesagt. Das kaputte Bike vom Mech wurde in Windeseile wieder instand gestellt (ProShop Uster kann ich vorbehaltlos weiterempfehlen); damit darf es ab morgen wirklich auch Ruhe zuhause geben, wenn ich mit R\u00fcfi einige Alpenp\u00e4sse in Angriff nehme, solange bis sich Jasmin erholt hat. Um dann auch bereit f\u00fcr die TdF zu sein, anstatt Velo heute nochmals einen Akku mit einigen H\u00f6henmeter leergefahren um die Reichweite des e-Rollers genauer absch\u00e4tzen zu k\u00f6nnen.<\/p>\n<p>Einmal 52 km mit ca. 400 Hm einmal ca. 49 km mit 600 Hm. Je ca. 2h\/ Akku Fahrzeit&#8230;das sollte f\u00fcr anst\u00e4ndige Flachetappen bis 100km hoffentlich dann ausreichen. (Und nein, diese Test-Tracks landen nicht in der Velobilanz ????).<\/p>\n\n\n<figure class=\"wp-block-image size-large\"><a href=\"https:\/\/lienis.landplaninfo.ch\/wp-content\/uploads\/2024\/07\/1000018154.jpg\"><img loading=\"lazy\" decoding=\"async\" width=\"478\" height=\"1024\" src=\"https:\/\/lienis.landplaninfo.ch\/wp-content\/uploads\/2024\/07\/1000018154-478x1024.jpg\" alt=\"\" class=\"wp-image-7899\" srcset=\"http:\/\/lienis.landplaninfo.ch\/wp-content\/uploads\/2024\/07\/1000018154-478x1024.jpg 478w, http:\/\/lienis.landplaninfo.ch\/wp-content\/uploads\/2024\/07\/1000018154-140x300.jpg 140w, http:\/\/lienis.landplaninfo.ch\/wp-content\/uploads\/2024\/07\/1000018154-768x1647.jpg 768w, http:\/\/lienis.landplaninfo.ch\/wp-content\/uploads\/2024\/07\/1000018154-716x1536.jpg 716w, http:\/\/lienis.landplaninfo.ch\/wp-content\/uploads\/2024\/07\/1000018154-955x2048.jpg 955w, http:\/\/lienis.landplaninfo.ch\/wp-content\/uploads\/2024\/07\/1000018154.jpg 1080w\" sizes=\"auto, (max-width: 478px) 100vw, 478px\" \/><\/a><\/figure>\n\n\n\n<figure class=\"wp-block-image size-large is-resized\"><a href=\"https:\/\/lienis.landplaninfo.ch\/wp-content\/uploads\/2024\/07\/1000018157.jpg\"><img loading=\"lazy\" decoding=\"async\" src=\"https:\/\/lienis.landplaninfo.ch\/wp-content\/uploads\/2024\/07\/1000018157-478x1024.jpg\" alt=\"\" class=\"wp-image-7900\" width=\"405\" height=\"866\"\/><\/a><\/figure>\n\n\n\n<p>Und ab morgen dann also wieder mit echten Livetracks durch die CH-Alpen (von wegen &#8218;TdF&#8216; ).<\/p>\n\n\n\n<p><\/p>\n","protected":false},"excerpt":{"rendered":"<p>Leider heute doch kein Start Richtung Frankreich und auch keinen Velokilometer. Das Kopfweh leider eher schlimmer als besser geworden, daher ist weiterhin Ruhe f\u00fcr Jasmin angesagt. Das kaputte Bike vom Mech wurde in Windeseile wieder instand gestellt (ProShop Uster kann ich vorbehaltlos weiterempfehlen); damit darf es ab morgen wirklich auch Ruhe zuhause geben, wenn ich [&hellip;]<\/p>\n","protected":false},"author":1,"featured_media":0,"comment_status":"closed","ping_status":"closed","sticky":false,"template":"","format":"standard","meta":{"footnotes":""},"categories":[9,12],"tags":[77],"class_list":["post-7897","post","type-post","status-publish","format-standard","hentry","category-andreas","category-jasmin","tag-tdf24"],"_links":{"self":[{"href":"http:\/\/lienis.landplaninfo.ch\/index.php?rest_route=\/wp\/v2\/posts\/7897","targetHints":{"allow":["GET"]}}],"collection":[{"href":"http:\/\/lienis.landplaninfo.ch\/index.php?rest_route=\/wp\/v2\/posts"}],"about":[{"href":"http:\/\/lienis.landplaninfo.ch\/index.php?rest_route=\/wp\/v2\/types\/post"}],"author":[{"embeddable":true,"href":"http:\/\/lienis.landplaninfo.ch\/index.php?rest_route=\/wp\/v2\/users\/1"}],"replies":[{"embeddable":true,"href":"http:\/\/lienis.landplaninfo.ch\/index.php?rest_route=%2Fwp%2Fv2%2Fcomments&post=7897"}],"version-history":[{"count":4,"href":"http:\/\/lienis.landplaninfo.ch\/index.php?rest_route=\/wp\/v2\/posts\/7897\/revisions"}],"predecessor-version":[{"id":7903,"href":"http:\/\/lienis.landplaninfo.ch\/index.php?rest_route=\/wp\/v2\/posts\/7897\/revisions\/7903"}],"wp:attachment":[{"href":"http:\/\/lienis.landplaninfo.ch\/index.php?rest_route=%2Fwp%2Fv2%2Fmedia&parent=7897"}],"wp:term":[{"taxonomy":"category","embeddable":true,"href":"http:\/\/lienis.landplaninfo.ch\/index.php?rest_route=%2Fwp%2Fv2%2Fcategories&post=7897"},{"taxonomy":"post_tag","embeddable":true,"href":"http:\/\/lienis.landplaninfo.ch\/index.php?rest_route=%2Fwp%2Fv2%2Ftags&post=7897"}],"curies":[{"name":"wp","href":"https:\/\/api.w.org\/{rel}","templated":true}]}}