{"id":7874,"date":"2024-07-22T18:10:22","date_gmt":"2024-07-22T16:10:22","guid":{"rendered":"https:\/\/lienis.landplaninfo.ch\/?p=7874"},"modified":"2024-07-22T20:16:18","modified_gmt":"2024-07-22T18:16:18","slug":"tdf24-die-grand-tour-die-es-vielleicht-gar-nicht-geben-wird","status":"publish","type":"post","link":"http:\/\/lienis.landplaninfo.ch\/?p=7874","title":{"rendered":"TdF24, Etappe 0.1 &#8211; Die Grand Tour, die es vielleicht gar nicht geben wird?"},"content":{"rendered":"<p>3 Wochen Zeit um wieder mit dem Velo unterwegs zu sein&#8230;so der einfache wie bew\u00e4hrte Plan. Cool w\u00e4re gewesen: Wien-Prag-Dresden-Berlin-Hamburg nur leider keine Chance f\u00fcr Hamburg ein Zugticket mit Veloplatz zu ergattern, also wohl doch eine Runde Tour de France (TdF) mit Start und Ziel in Uster? Im nachhinein Gl\u00fcck, dass wir keine Tickets buchen konnten, denn 3 W vor dem Start hat sich Jasmin zum wiederholten mal die Achillessehne verletzt. Gehen oder Trampen beides nicht m\u00f6glich und die Velo-Tour gecancelt; oder doch nicht? Mit gemietetm 25km\/h e-Roller mit ca 100km Reichweite ist Reisen auf Radwegen fast ohne die F\u00fcsse zu brauchen doch m\u00f6glich. Der Test mit Gep\u00e4ck war erfolgreich. Also alles bereit und Start Richtung Westen mit 1. Ziel Dottikon am Sonntag. Leider kommen wir nur bis Oerlikon. Dort macht Jasmin ein Taucher und steigt Kopf voran vom Roller. Sanit\u00e4t bringt sie zur Akl\u00e4rung ins Spital, ich zur\u00fcck nach Hause (immerhin g\u00f6nne ich mir noch die andere Seite des Greifensee) um dann mit dem Zug zur\u00fcck noch den Roller zu holen (und den ersten Sonnenbrand &#8211; wer denkt bei all der Aufregung auch schon ans eincr\u00e9men). Ein sch\u00f6nes blaues Auge und Verdacht auf leichte Hirnersch\u00fctterung bei Jasmin: Das heisst dann erst mal viel Eis aufs Auge, etwas Ruhe und warten bis das Kopfweh weg geht. Ob es bald weitergeht?<br \/>\nDie paar km (42), die uns am Schluss nur wieder nach Hause anstatt Richtung Frankreich brachten sind nicht der Rede und schon gar kein Video wert. Obwohl, h\u00e4tte ich daran gedacht, h\u00e4tte das Grossaufgebot aus Stadtpolizei und Sanit\u00e4t doch recht dramatisch Bilder zum Ferienauftakt gegeben.<\/p>\n","protected":false},"excerpt":{"rendered":"<p>3 Wochen Zeit um wieder mit dem Velo unterwegs zu sein&#8230;so der einfache wie bew\u00e4hrte Plan. Cool w\u00e4re gewesen: Wien-Prag-Dresden-Berlin-Hamburg nur leider keine Chance f\u00fcr Hamburg ein Zugticket mit Veloplatz zu ergattern, also wohl doch eine Runde Tour de France (TdF) mit Start und Ziel in Uster? Im nachhinein Gl\u00fcck, dass wir keine Tickets buchen [&hellip;]<\/p>\n","protected":false},"author":1,"featured_media":0,"comment_status":"closed","ping_status":"closed","sticky":false,"template":"","format":"standard","meta":{"footnotes":""},"categories":[9,12],"tags":[77],"class_list":["post-7874","post","type-post","status-publish","format-standard","hentry","category-andreas","category-jasmin","tag-tdf24"],"_links":{"self":[{"href":"http:\/\/lienis.landplaninfo.ch\/index.php?rest_route=\/wp\/v2\/posts\/7874","targetHints":{"allow":["GET"]}}],"collection":[{"href":"http:\/\/lienis.landplaninfo.ch\/index.php?rest_route=\/wp\/v2\/posts"}],"about":[{"href":"http:\/\/lienis.landplaninfo.ch\/index.php?rest_route=\/wp\/v2\/types\/post"}],"author":[{"embeddable":true,"href":"http:\/\/lienis.landplaninfo.ch\/index.php?rest_route=\/wp\/v2\/users\/1"}],"replies":[{"embeddable":true,"href":"http:\/\/lienis.landplaninfo.ch\/index.php?rest_route=%2Fwp%2Fv2%2Fcomments&post=7874"}],"version-history":[{"count":5,"href":"http:\/\/lienis.landplaninfo.ch\/index.php?rest_route=\/wp\/v2\/posts\/7874\/revisions"}],"predecessor-version":[{"id":7885,"href":"http:\/\/lienis.landplaninfo.ch\/index.php?rest_route=\/wp\/v2\/posts\/7874\/revisions\/7885"}],"wp:attachment":[{"href":"http:\/\/lienis.landplaninfo.ch\/index.php?rest_route=%2Fwp%2Fv2%2Fmedia&parent=7874"}],"wp:term":[{"taxonomy":"category","embeddable":true,"href":"http:\/\/lienis.landplaninfo.ch\/index.php?rest_route=%2Fwp%2Fv2%2Fcategories&post=7874"},{"taxonomy":"post_tag","embeddable":true,"href":"http:\/\/lienis.landplaninfo.ch\/index.php?rest_route=%2Fwp%2Fv2%2Ftags&post=7874"}],"curies":[{"name":"wp","href":"https:\/\/api.w.org\/{rel}","templated":true}]}}