{"id":7853,"date":"2024-05-03T17:00:05","date_gmt":"2024-05-03T15:00:05","guid":{"rendered":"http:\/\/lienis.landplaninfo.ch\/?p=7853"},"modified":"2024-05-03T17:06:43","modified_gmt":"2024-05-03T15:06:43","slug":"bayerntour-etappe-7","status":"publish","type":"post","link":"http:\/\/lienis.landplaninfo.ch\/?p=7853","title":{"rendered":"Bayerntour Etappe 7"},"content":{"rendered":"<p>Das Fr\u00fchst\u00fcck noch bei Nieselregen genossen trocknete es rechtzeitig zum Start ab. Und es blieb den ganzen Tag \u00fcber trocken, auch wenn das Wetter zwischendurch bedrohlich dunkle Wolken vorbeischickte. Leider machte es das meistens mit Wind der von vorne kam und min. 10\u00b0 zu kalt war. Das war aber nicht der Hauptgrund, dass wir fast nicht vom Fleck kamen. Es war wohl die verlixte 7. Etappe oder der Aloisius auf einer der Wolken strafte uns daf\u00fcr, dass Etappe 7 nur durch Baden-W\u00fcrttemberg und gar nicht mehr durch Bayern f\u00fchrte: Schon in den ersten 10 km 2 Platten mit kaputten Pneus. Zum Gl\u00fcck hatten wir gestern noch das Ersatzmaterial aufgef\u00fcllt. Es gibt trotzdem angenehmeres als mit vom Fahren tiefgefrorenen Chl\u00fcpplis auch noch Pneuwechsel in Serie vorzunehmen. Die Bilanz nach vielen pannenfreien Velowochen einmal durch Ulm und 4 Schl\u00e4uche und 2 Pneus \u00e4rmer, ulmglaublich!<br \/>\nDie K\u00e4lte,  die Pannen, das eher notd\u00fcrftige Mittagessen in der Fischerh\u00fctte und die unspecktaktul\u00e4ren Velostrecken (die wir selbsverschuldet haben, weil wir aufgrund der unsicheren Wetteraussichten ohne Umwege und ohne Gravelstrecken von A nach B routen wollten) ist diese Etappe 7 nichts f\u00fcrs Langzeitged\u00e4chtnis.<br \/>\nAber manchmal gehts halt auch mal einige Kilometer einfach nur ums weiterkommen, da sind so topfebene endlos lange gerade Velostrecken nicht das Verkehrteste&#8230;<br \/>\n<iframe loading=\"lazy\" width=\"560\" height=\"315\" src=\"https:\/\/www.youtube.com\/embed\/ZRTh0PZ7gbo?si=b0G8-pik5qalWx5b\" title=\"YouTube video player\" frameborder=\"0\" allow=\"accelerometer; autoplay; clipboard-write; encrypted-media; gyroscope; picture-in-picture; web-share\" referrerpolicy=\"strict-origin-when-cross-origin\" allowfullscreen=\"\"><\/iframe><\/p>\n","protected":false},"excerpt":{"rendered":"<p>Das Fr\u00fchst\u00fcck noch bei Nieselregen genossen trocknete es rechtzeitig zum Start ab. Und es blieb den ganzen Tag \u00fcber trocken, auch wenn das Wetter zwischendurch bedrohlich dunkle Wolken vorbeischickte. Leider machte es das meistens mit Wind der von vorne kam und min. 10\u00b0 zu kalt war. Das war aber nicht der Hauptgrund, dass wir fast [&hellip;]<\/p>\n","protected":false},"author":1,"featured_media":0,"comment_status":"closed","ping_status":"closed","sticky":false,"template":"","format":"standard","meta":{"footnotes":""},"categories":[9,12],"tags":[76],"class_list":["post-7853","post","type-post","status-publish","format-standard","hentry","category-andreas","category-jasmin","tag-bayerntour"],"_links":{"self":[{"href":"http:\/\/lienis.landplaninfo.ch\/index.php?rest_route=\/wp\/v2\/posts\/7853","targetHints":{"allow":["GET"]}}],"collection":[{"href":"http:\/\/lienis.landplaninfo.ch\/index.php?rest_route=\/wp\/v2\/posts"}],"about":[{"href":"http:\/\/lienis.landplaninfo.ch\/index.php?rest_route=\/wp\/v2\/types\/post"}],"author":[{"embeddable":true,"href":"http:\/\/lienis.landplaninfo.ch\/index.php?rest_route=\/wp\/v2\/users\/1"}],"replies":[{"embeddable":true,"href":"http:\/\/lienis.landplaninfo.ch\/index.php?rest_route=%2Fwp%2Fv2%2Fcomments&post=7853"}],"version-history":[{"count":3,"href":"http:\/\/lienis.landplaninfo.ch\/index.php?rest_route=\/wp\/v2\/posts\/7853\/revisions"}],"predecessor-version":[{"id":7856,"href":"http:\/\/lienis.landplaninfo.ch\/index.php?rest_route=\/wp\/v2\/posts\/7853\/revisions\/7856"}],"wp:attachment":[{"href":"http:\/\/lienis.landplaninfo.ch\/index.php?rest_route=%2Fwp%2Fv2%2Fmedia&parent=7853"}],"wp:term":[{"taxonomy":"category","embeddable":true,"href":"http:\/\/lienis.landplaninfo.ch\/index.php?rest_route=%2Fwp%2Fv2%2Fcategories&post=7853"},{"taxonomy":"post_tag","embeddable":true,"href":"http:\/\/lienis.landplaninfo.ch\/index.php?rest_route=%2Fwp%2Fv2%2Ftags&post=7853"}],"curies":[{"name":"wp","href":"https:\/\/api.w.org\/{rel}","templated":true}]}}