{"id":7848,"date":"2024-05-02T16:16:06","date_gmt":"2024-05-02T14:16:06","guid":{"rendered":"http:\/\/lienis.landplaninfo.ch\/?p=7848"},"modified":"2024-05-02T16:16:07","modified_gmt":"2024-05-02T14:16:07","slug":"bayerntour-etappe-6","status":"publish","type":"post","link":"http:\/\/lienis.landplaninfo.ch\/?p=7848","title":{"rendered":"Bayerntour Etappe 6"},"content":{"rendered":"<p>Von Augsburg nach Westen durch den wundersch\u00f6nen Naturpark Augsburg Westliche W\u00e4lder f\u00fchrte uns der Radweg auf dem Trasse der ehem. Weldenbahn, die recht lange mit konstanten kaum sichtbaren 2.5 % Steigung immer das Gef\u00fchl vermittelte, dass das doch schneller gehen m\u00fcsste und irgend was nicht richtig rollt am Velo&#8230;die Belohnung kam dann nach dem Kulmulationspunkt mit langer rasanter Abfahrt.<br \/>\nSo gings weiter immer wieder leicht zwischen gelben Rapsfeldern auf und ab. Unsere beiden Drahtesel Iltschi und Hatatitla rollen brav bis fast an den Silbersee, bis wir in G\u00fcnzburg pl\u00f6tzlich an der Donau standen und es von da auf dem Donauradweg etliche Gravelkilometer durch die mit weissbl\u00fchendem B\u00e4rlauch \u00fcbers\u00e4\u00e4ten Auen ging.<br \/>\nKurz vor dem Ziel in Ulm dann der erste Platten (Iltschi bockte) und wir wussten wiedermal warum wir das Flickzeugs die ganze Zeit auf allen Touren als Balast mit uns f\u00fchrten.<br \/>\nDer eigentlich angesagte Regen ging nicht mal als feuchte Luft durch und so verbuchen wir einen weiteren sch\u00f6nen und trockenen Fr\u00fchlingstag. Mit dem Sprung \u00fcber die Donau in Ulm sind wir nun auch offiziell schon nicht mehr in Bayern, die laufend seltener und immer kleiner werdenden Gasth\u00f6fe, meist ganz ohne Biergarten, liessen es uns schon l\u00e4nger vermuten, das da was anders wird im tiefen Schwabenland.<br \/>\n<iframe loading=\"lazy\" width=\"560\" height=\"315\" src=\"https:\/\/www.youtube.com\/embed\/Cv7PWoJWTeU?si=WvzP4cAb6l30Pcsb\" title=\"YouTube video player\" frameborder=\"0\" allow=\"accelerometer; autoplay; clipboard-write; encrypted-media; gyroscope; picture-in-picture; web-share\" referrerpolicy=\"strict-origin-when-cross-origin\" allowfullscreen=\"\"><\/iframe><\/p>\n","protected":false},"excerpt":{"rendered":"<p>Von Augsburg nach Westen durch den wundersch\u00f6nen Naturpark Augsburg Westliche W\u00e4lder f\u00fchrte uns der Radweg auf dem Trasse der ehem. Weldenbahn, die recht lange mit konstanten kaum sichtbaren 2.5 % Steigung immer das Gef\u00fchl vermittelte, dass das doch schneller gehen m\u00fcsste und irgend was nicht richtig rollt am Velo&#8230;die Belohnung kam dann nach dem Kulmulationspunkt [&hellip;]<\/p>\n","protected":false},"author":1,"featured_media":0,"comment_status":"closed","ping_status":"closed","sticky":false,"template":"","format":"standard","meta":{"footnotes":""},"categories":[9,12],"tags":[76],"class_list":["post-7848","post","type-post","status-publish","format-standard","hentry","category-andreas","category-jasmin","tag-bayerntour"],"_links":{"self":[{"href":"http:\/\/lienis.landplaninfo.ch\/index.php?rest_route=\/wp\/v2\/posts\/7848","targetHints":{"allow":["GET"]}}],"collection":[{"href":"http:\/\/lienis.landplaninfo.ch\/index.php?rest_route=\/wp\/v2\/posts"}],"about":[{"href":"http:\/\/lienis.landplaninfo.ch\/index.php?rest_route=\/wp\/v2\/types\/post"}],"author":[{"embeddable":true,"href":"http:\/\/lienis.landplaninfo.ch\/index.php?rest_route=\/wp\/v2\/users\/1"}],"replies":[{"embeddable":true,"href":"http:\/\/lienis.landplaninfo.ch\/index.php?rest_route=%2Fwp%2Fv2%2Fcomments&post=7848"}],"version-history":[{"count":3,"href":"http:\/\/lienis.landplaninfo.ch\/index.php?rest_route=\/wp\/v2\/posts\/7848\/revisions"}],"predecessor-version":[{"id":7852,"href":"http:\/\/lienis.landplaninfo.ch\/index.php?rest_route=\/wp\/v2\/posts\/7848\/revisions\/7852"}],"wp:attachment":[{"href":"http:\/\/lienis.landplaninfo.ch\/index.php?rest_route=%2Fwp%2Fv2%2Fmedia&parent=7848"}],"wp:term":[{"taxonomy":"category","embeddable":true,"href":"http:\/\/lienis.landplaninfo.ch\/index.php?rest_route=%2Fwp%2Fv2%2Fcategories&post=7848"},{"taxonomy":"post_tag","embeddable":true,"href":"http:\/\/lienis.landplaninfo.ch\/index.php?rest_route=%2Fwp%2Fv2%2Ftags&post=7848"}],"curies":[{"name":"wp","href":"https:\/\/api.w.org\/{rel}","templated":true}]}}