{"id":7840,"date":"2024-04-29T16:23:43","date_gmt":"2024-04-29T14:23:43","guid":{"rendered":"http:\/\/lienis.landplaninfo.ch\/?p=7840"},"modified":"2024-04-29T16:23:44","modified_gmt":"2024-04-29T14:23:44","slug":"bayerntour-etappe-3","status":"publish","type":"post","link":"http:\/\/lienis.landplaninfo.ch\/?p=7840","title":{"rendered":"Bayerntour Etappe 3"},"content":{"rendered":"<p>3. Tag und M\u00fcnchen erreicht. Heute mehrheitlich flach, aber bestes Velowetter und wenn mal ein kleiner H\u00fcgel im Weg stand dann war es eine willkommene Gelegenheit etwas tiefer in die Landchaft, \u00fcber den Ammer- und den W\u00f6rthsee und in Ferne bis zu den noch verschneiten Alpen zu schauen. Heute hatten wir die meiste Zeit tolle Velowege geroutet. Die paar Kilometer parallel zur Autobahn waren ein kleiner Planungsfehler und die endlos lange immer gerade Einfahrt ins Stadtzentrum hoffentlich nicht das beste an Velowegen das M\u00fcnchen Velofahren zu bieten hat. (Velo heisst hier \u00fcbrigens wieder Fahrrad sonst versteht der echte M\u00fcnchner nur Bahnhof;-). Immerhin sind wir ganz passend \u00fcber die Bodenseestrasse in die Stadt eingefahren und k\u00f6nnen nun in der Hauptstadt bayrisch \u00fcben, bis uns der Magen platzt.<br \/>\n<iframe loading=\"lazy\" width=\"560\" height=\"315\" src=\"https:\/\/www.youtube.com\/embed\/sP_x9tN4ETk?si=ahv5eqsUq8dwHscH\" title=\"YouTube video player\" frameborder=\"0\" allow=\"accelerometer; autoplay; clipboard-write; encrypted-media; gyroscope; picture-in-picture; web-share\" referrerpolicy=\"strict-origin-when-cross-origin\" allowfullscreen=\"\"><\/iframe><\/p>\n","protected":false},"excerpt":{"rendered":"<p>3. Tag und M\u00fcnchen erreicht. Heute mehrheitlich flach, aber bestes Velowetter und wenn mal ein kleiner H\u00fcgel im Weg stand dann war es eine willkommene Gelegenheit etwas tiefer in die Landchaft, \u00fcber den Ammer- und den W\u00f6rthsee und in Ferne bis zu den noch verschneiten Alpen zu schauen. Heute hatten wir die meiste Zeit tolle [&hellip;]<\/p>\n","protected":false},"author":1,"featured_media":0,"comment_status":"closed","ping_status":"closed","sticky":false,"template":"","format":"standard","meta":{"footnotes":""},"categories":[9,12],"tags":[76],"class_list":["post-7840","post","type-post","status-publish","format-standard","hentry","category-andreas","category-jasmin","tag-bayerntour"],"_links":{"self":[{"href":"http:\/\/lienis.landplaninfo.ch\/index.php?rest_route=\/wp\/v2\/posts\/7840","targetHints":{"allow":["GET"]}}],"collection":[{"href":"http:\/\/lienis.landplaninfo.ch\/index.php?rest_route=\/wp\/v2\/posts"}],"about":[{"href":"http:\/\/lienis.landplaninfo.ch\/index.php?rest_route=\/wp\/v2\/types\/post"}],"author":[{"embeddable":true,"href":"http:\/\/lienis.landplaninfo.ch\/index.php?rest_route=\/wp\/v2\/users\/1"}],"replies":[{"embeddable":true,"href":"http:\/\/lienis.landplaninfo.ch\/index.php?rest_route=%2Fwp%2Fv2%2Fcomments&post=7840"}],"version-history":[{"count":1,"href":"http:\/\/lienis.landplaninfo.ch\/index.php?rest_route=\/wp\/v2\/posts\/7840\/revisions"}],"predecessor-version":[{"id":7841,"href":"http:\/\/lienis.landplaninfo.ch\/index.php?rest_route=\/wp\/v2\/posts\/7840\/revisions\/7841"}],"wp:attachment":[{"href":"http:\/\/lienis.landplaninfo.ch\/index.php?rest_route=%2Fwp%2Fv2%2Fmedia&parent=7840"}],"wp:term":[{"taxonomy":"category","embeddable":true,"href":"http:\/\/lienis.landplaninfo.ch\/index.php?rest_route=%2Fwp%2Fv2%2Fcategories&post=7840"},{"taxonomy":"post_tag","embeddable":true,"href":"http:\/\/lienis.landplaninfo.ch\/index.php?rest_route=%2Fwp%2Fv2%2Ftags&post=7840"}],"curies":[{"name":"wp","href":"https:\/\/api.w.org\/{rel}","templated":true}]}}