{"id":7831,"date":"2024-04-27T17:44:31","date_gmt":"2024-04-27T15:44:31","guid":{"rendered":"https:\/\/lienis.landplaninfo.ch\/?p=7831"},"modified":"2024-04-27T18:18:51","modified_gmt":"2024-04-27T16:18:51","slug":"bayerntour-etappe-1","status":"publish","type":"post","link":"http:\/\/lienis.landplaninfo.ch\/?p=7831","title":{"rendered":"Bayerntour Etappe 1"},"content":{"rendered":"<p>Es sollte zuerst Turin, dann die Vogesen werden. Das Wetter aber sagte: Fahrt nach M\u00fcnchen und ihr k\u00f6nntet w\u00e4hrend der Woche trocken bleiben. Ja dann also los nach Nordosten auf eine kleine Bayerntour- nur dieses Bayern ist ganz sch\u00f6n weit weg und so haben wir es erstmal nur grad bis \u00d6sterreich geschafft.<br \/>\nWenn das Wetter sich so h\u00e4lt wie es heute begonnen hat, dann war die spontane Plananpassung jedenfalls nicht ganz falsch.<br \/>\n<iframe loading=\"lazy\" width=\"560\" height=\"315\" src=\"https:\/\/www.youtube.com\/embed\/G1xP0cfBRAA?si=MCM2XibBlRCvK8-L\" title=\"YouTube video player\" frameborder=\"0\" allow=\"accelerometer; autoplay; clipboard-write; encrypted-media; gyroscope; picture-in-picture; web-share\" referrerpolicy=\"strict-origin-when-cross-origin\" allowfullscreen=\"\"><\/iframe><\/p>\n","protected":false},"excerpt":{"rendered":"<p>Es sollte zuerst Turin, dann die Vogesen werden. Das Wetter aber sagte: Fahrt nach M\u00fcnchen und ihr k\u00f6nntet w\u00e4hrend der Woche trocken bleiben. Ja dann also los nach Nordosten auf eine kleine Bayerntour- nur dieses Bayern ist ganz sch\u00f6n weit weg und so haben wir es erstmal nur grad bis \u00d6sterreich geschafft. Wenn das Wetter [&hellip;]<\/p>\n","protected":false},"author":1,"featured_media":0,"comment_status":"closed","ping_status":"closed","sticky":false,"template":"","format":"standard","meta":{"footnotes":""},"categories":[9,12],"tags":[76],"class_list":["post-7831","post","type-post","status-publish","format-standard","hentry","category-andreas","category-jasmin","tag-bayerntour"],"_links":{"self":[{"href":"http:\/\/lienis.landplaninfo.ch\/index.php?rest_route=\/wp\/v2\/posts\/7831","targetHints":{"allow":["GET"]}}],"collection":[{"href":"http:\/\/lienis.landplaninfo.ch\/index.php?rest_route=\/wp\/v2\/posts"}],"about":[{"href":"http:\/\/lienis.landplaninfo.ch\/index.php?rest_route=\/wp\/v2\/types\/post"}],"author":[{"embeddable":true,"href":"http:\/\/lienis.landplaninfo.ch\/index.php?rest_route=\/wp\/v2\/users\/1"}],"replies":[{"embeddable":true,"href":"http:\/\/lienis.landplaninfo.ch\/index.php?rest_route=%2Fwp%2Fv2%2Fcomments&post=7831"}],"version-history":[{"count":2,"href":"http:\/\/lienis.landplaninfo.ch\/index.php?rest_route=\/wp\/v2\/posts\/7831\/revisions"}],"predecessor-version":[{"id":7833,"href":"http:\/\/lienis.landplaninfo.ch\/index.php?rest_route=\/wp\/v2\/posts\/7831\/revisions\/7833"}],"wp:attachment":[{"href":"http:\/\/lienis.landplaninfo.ch\/index.php?rest_route=%2Fwp%2Fv2%2Fmedia&parent=7831"}],"wp:term":[{"taxonomy":"category","embeddable":true,"href":"http:\/\/lienis.landplaninfo.ch\/index.php?rest_route=%2Fwp%2Fv2%2Fcategories&post=7831"},{"taxonomy":"post_tag","embeddable":true,"href":"http:\/\/lienis.landplaninfo.ch\/index.php?rest_route=%2Fwp%2Fv2%2Ftags&post=7831"}],"curies":[{"name":"wp","href":"https:\/\/api.w.org\/{rel}","templated":true}]}}