{"id":7821,"date":"2023-10-15T07:59:28","date_gmt":"2023-10-15T05:59:28","guid":{"rendered":"https:\/\/lienis.landplaninfo.ch\/?p=7821"},"modified":"2023-10-15T07:59:29","modified_gmt":"2023-10-15T05:59:29","slug":"die-nationalparkbilder-2023","status":"publish","type":"post","link":"http:\/\/lienis.landplaninfo.ch\/?p=7821","title":{"rendered":"Die Nationalparkbilder 2023"},"content":{"rendered":"<p>Alle Nationalparkbilder 2023 (M\u00fcnstertal Stelvio Ofenpass Zernez und das gesichtete Wild auf den Nationalparkwandertouren) sind in diesem Filmchen zusammengeschnitten.<br \/>\nNicht aufs Bild wollten die zahlreichen Monarchfalter auf der Durchreise, und auch Eichh\u00f6rnchen Buntspecht Steinadler Schwarzspecht Kreuzschnabel Steinschm\u00e4zer und Kohl- und Haubenmeisen waren f\u00fcr die Kamera trotz Sichtungen zu flink &#8211; oder ich zu langsam)<br \/>\n<iframe loading=\"lazy\" width=\"560\" height=\"315\" src=\"https:\/\/www.youtube.com\/embed\/rDUblr30rn8?si=vk5p3A9qWy4xo_gZ\" title=\"YouTube video player\" frameborder=\"0\" allow=\"accelerometer; autoplay; clipboard-write; encrypted-media; gyroscope; picture-in-picture; web-share\" allowfullscreen=\"\"><\/iframe><\/p>\n","protected":false},"excerpt":{"rendered":"<p>Alle Nationalparkbilder 2023 (M\u00fcnstertal Stelvio Ofenpass Zernez und das gesichtete Wild auf den Nationalparkwandertouren) sind in diesem Filmchen zusammengeschnitten. Nicht aufs Bild wollten die zahlreichen Monarchfalter auf der Durchreise, und auch Eichh\u00f6rnchen Buntspecht Steinadler Schwarzspecht Kreuzschnabel Steinschm\u00e4zer und Kohl- und Haubenmeisen waren f\u00fcr die Kamera trotz Sichtungen zu flink &#8211; oder ich zu langsam)<\/p>\n","protected":false},"author":1,"featured_media":0,"comment_status":"closed","ping_status":"closed","sticky":false,"template":"","format":"standard","meta":{"footnotes":""},"categories":[9,12],"tags":[63],"class_list":["post-7821","post","type-post","status-publish","format-standard","hentry","category-andreas","category-jasmin","tag-nationalpark"],"_links":{"self":[{"href":"http:\/\/lienis.landplaninfo.ch\/index.php?rest_route=\/wp\/v2\/posts\/7821","targetHints":{"allow":["GET"]}}],"collection":[{"href":"http:\/\/lienis.landplaninfo.ch\/index.php?rest_route=\/wp\/v2\/posts"}],"about":[{"href":"http:\/\/lienis.landplaninfo.ch\/index.php?rest_route=\/wp\/v2\/types\/post"}],"author":[{"embeddable":true,"href":"http:\/\/lienis.landplaninfo.ch\/index.php?rest_route=\/wp\/v2\/users\/1"}],"replies":[{"embeddable":true,"href":"http:\/\/lienis.landplaninfo.ch\/index.php?rest_route=%2Fwp%2Fv2%2Fcomments&post=7821"}],"version-history":[{"count":1,"href":"http:\/\/lienis.landplaninfo.ch\/index.php?rest_route=\/wp\/v2\/posts\/7821\/revisions"}],"predecessor-version":[{"id":7822,"href":"http:\/\/lienis.landplaninfo.ch\/index.php?rest_route=\/wp\/v2\/posts\/7821\/revisions\/7822"}],"wp:attachment":[{"href":"http:\/\/lienis.landplaninfo.ch\/index.php?rest_route=%2Fwp%2Fv2%2Fmedia&parent=7821"}],"wp:term":[{"taxonomy":"category","embeddable":true,"href":"http:\/\/lienis.landplaninfo.ch\/index.php?rest_route=%2Fwp%2Fv2%2Fcategories&post=7821"},{"taxonomy":"post_tag","embeddable":true,"href":"http:\/\/lienis.landplaninfo.ch\/index.php?rest_route=%2Fwp%2Fv2%2Ftags&post=7821"}],"curies":[{"name":"wp","href":"https:\/\/api.w.org\/{rel}","templated":true}]}}