{"id":7743,"date":"2023-08-09T16:32:50","date_gmt":"2023-08-09T14:32:50","guid":{"rendered":"http:\/\/lienis.landplaninfo.ch\/?p=7743"},"modified":"2023-08-09T20:44:22","modified_gmt":"2023-08-09T18:44:22","slug":"eat-etappe-17-heiligenblut-saalfelden-am-steinernen-meer","status":"publish","type":"post","link":"http:\/\/lienis.landplaninfo.ch\/?p=7743","title":{"rendered":"EAT Etappe 18: Heiligenblut &#8211; Saalfelden am Steinernen Meer"},"content":{"rendered":"<p>Wer sagt wir w\u00e4ren dieses Jahr nicht ans Meer gefahren? Sind heute im steinernen Meer angekommen, das sich anders wie der Name vermuten l\u00e4sst, ziemlich nass anf\u00fchlt. Vorher stand allerdings mit der Grossglockner Hochalpenstrasse noch die K\u00f6nigsetappe und mit \u00fcber 2&#8217;500 m.\u00fc.M. das Dach der diesj\u00e4hrigen Tour auf dem Programm, wobei es heute nur knapp 10 m weit vom Fr\u00fchst\u00fccksbuffet entfernt ohne aufw\u00e4rmen gleich mit mehr als 10% losging.<br \/>\nEs war ja eigentlich eine planerische Meisterleistung, wie wir jetzt 2 1\/2 Wochen mit dem Wetter Katz und Maus gespielt haben, immer mit dem Ziel den besten Tag mit K\u00f6nigswetter f\u00fcr die \u00dcberfahrt des Alpenkamms zu treffen. Und bis vor 3 Tagen sah es auch aus, als w\u00fcrde das Meisterwerk gelingen. Nun aber hat Petrus zur\u00fcckgeschlagen und gefunden wir h\u00e4tten genug Gl\u00fcck gehabt. So konnten wir zwar noch trocken abfahren und der Regen hielt sich f\u00fcr den Aufstieg noch einigermassen zur\u00fcck. Die Temperaturen allerdings sanken u. sanken und es h\u00e4tte niemand gewundert wenn es oben dann nicht zu regnen sondern zu schneien begonnen h\u00e4tte. So bew\u00e4ltigten wir den Aufstieg zum Hochtor in 2 1\/4 h nur so rasch, um den K\u00f6rper warm zu halten, was allerdings bei immerw\u00e4hrenden ca 10% und fahren am Limit doch zu ziemlich schmerzenden Beinen f\u00fchrt.<br \/>\nDaf\u00fcr konnte ich oben angekommen endlich alle die warmen Sachen anziehen, die ich sonst die ganze Tour vergebens im Gep\u00e4ck mitgef\u00fchrt h\u00e4tte. (Stimmt zwar nicht ganz, denn die Handschuh musste ich Jasmin \u00fcberlassen, die ihre vergessen hatte einzupacken). Zum Gl\u00fcck liess sich das Problem in der nigelnagelneu im Porsche Design erbauten &#8218;Alpbeiz&#8216; F.A T. Mankei zwischen den beiden Gipfeln entsch\u00e4rfen, mit einem paar d\u00fcnnen Porschedesign Handsch\u00fchchen f\u00fcr 20 Euro!. Ab da sch\u00fcttete es dann in Str\u00f6men, auf dem Fuscher T\u00f6rl &#8218;genossen&#8220; wir kurz noch die Aussicht auf dem gedruckten Panorama, das zeigte was man sehen w\u00fcrde, wenn man denn was sehen w\u00fcrde und ohne die gemachte Investition w\u00e4re die lange kalte Abfahrt zur Qu\u00e4lerei geworden.<br \/>\nAuch dass sich das Wetter am Nachmittag nochmals bessern w\u00fcrde entpuppte sich als Schwindel und so war auch der Blick \u00fcber den Zellersee, an den wir von der letzten Tour noch tolle warme Badeerinnerungen hatten, ein eher trauriges Bild.<br \/>\nNichts desto trotz sind wir umso stolzer auch diese Etappe, trotz der eher misslichen \u00e4usseren Bedingungen, gemeistert zu haben.<br \/>\n<iframe loading=\"lazy\" width=\"560\" height=\"315\" src=\"https:\/\/www.youtube.com\/embed\/Y0rMOLyAA7o\" title=\"YouTube video player\" frameborder=\"0\" allow=\"accelerometer; autoplay; clipboard-write; encrypted-media; gyroscope; picture-in-picture; web-share\" allowfullscreen=\"\"><\/iframe><\/p>\n","protected":false},"excerpt":{"rendered":"<p>Wer sagt wir w\u00e4ren dieses Jahr nicht ans Meer gefahren? Sind heute im steinernen Meer angekommen, das sich anders wie der Name vermuten l\u00e4sst, ziemlich nass anf\u00fchlt. Vorher stand allerdings mit der Grossglockner Hochalpenstrasse noch die K\u00f6nigsetappe und mit \u00fcber 2&#8217;500 m.\u00fc.M. das Dach der diesj\u00e4hrigen Tour auf dem Programm, wobei es heute nur knapp [&hellip;]<\/p>\n","protected":false},"author":1,"featured_media":0,"comment_status":"closed","ping_status":"closed","sticky":false,"template":"","format":"standard","meta":{"footnotes":""},"categories":[9,12],"tags":[75],"class_list":["post-7743","post","type-post","status-publish","format-standard","hentry","category-andreas","category-jasmin","tag-eastalpes-tour"],"_links":{"self":[{"href":"http:\/\/lienis.landplaninfo.ch\/index.php?rest_route=\/wp\/v2\/posts\/7743","targetHints":{"allow":["GET"]}}],"collection":[{"href":"http:\/\/lienis.landplaninfo.ch\/index.php?rest_route=\/wp\/v2\/posts"}],"about":[{"href":"http:\/\/lienis.landplaninfo.ch\/index.php?rest_route=\/wp\/v2\/types\/post"}],"author":[{"embeddable":true,"href":"http:\/\/lienis.landplaninfo.ch\/index.php?rest_route=\/wp\/v2\/users\/1"}],"replies":[{"embeddable":true,"href":"http:\/\/lienis.landplaninfo.ch\/index.php?rest_route=%2Fwp%2Fv2%2Fcomments&post=7743"}],"version-history":[{"count":6,"href":"http:\/\/lienis.landplaninfo.ch\/index.php?rest_route=\/wp\/v2\/posts\/7743\/revisions"}],"predecessor-version":[{"id":7749,"href":"http:\/\/lienis.landplaninfo.ch\/index.php?rest_route=\/wp\/v2\/posts\/7743\/revisions\/7749"}],"wp:attachment":[{"href":"http:\/\/lienis.landplaninfo.ch\/index.php?rest_route=%2Fwp%2Fv2%2Fmedia&parent=7743"}],"wp:term":[{"taxonomy":"category","embeddable":true,"href":"http:\/\/lienis.landplaninfo.ch\/index.php?rest_route=%2Fwp%2Fv2%2Fcategories&post=7743"},{"taxonomy":"post_tag","embeddable":true,"href":"http:\/\/lienis.landplaninfo.ch\/index.php?rest_route=%2Fwp%2Fv2%2Ftags&post=7743"}],"curies":[{"name":"wp","href":"https:\/\/api.w.org\/{rel}","templated":true}]}}