{"id":7722,"date":"2023-08-04T16:04:15","date_gmt":"2023-08-04T14:04:15","guid":{"rendered":"http:\/\/lienis.landplaninfo.ch\/?p=7722"},"modified":"2023-08-04T16:04:15","modified_gmt":"2023-08-04T14:04:15","slug":"eat-etappe-13-seeboden-lienz","status":"publish","type":"post","link":"http:\/\/lienis.landplaninfo.ch\/?p=7722","title":{"rendered":"EAT Etappe 13: Seeboden &#8211; Lienz"},"content":{"rendered":"<p>Eigentlich w\u00e4re heute ja Kl\u00f6tschach geplant gewesen, das Wetter hat uns dann aber spontan umplanen lassen. Auf den kleinen Pass dahin im Vollschiff hatten wir keine Lust. So sind wir in Lienz gelandet und nehmen den geplanten Abstecher zu den Drei Zinnen nun von der anderen Seite her in Angriff, wovon wir uns wettertechnisch kleine Vorteile versprechen und die steilsten P\u00e4sse vielleicht schon wieder im ab Montag versprochenen Sommer absolvieren k\u00f6nnen. Heute gabs also mal wieder eher eine Flachetappe allerdings mit ziemlich viel Regen und vielen Gravel- Kilometer (in Kombination ja eine ziemlich dreckige Angelegenheit).<br \/>\nImmerhin begegneten uns unterwegs immer wieder genauso durchn\u00e4sste fr\u00f6hliche Leidensgenossen auf ihren Fahrr\u00e4dern (Ja es macht fr\u00f6hlich, wenn man merkt, dass man nicht ganz alleine unterwegs ist und darum evtl. doch keinen Ecken ab hat im Oberst\u00fcbchen.)<br \/>\nToll w\u00e4re nat\u00fcrlich, wenn es nach einem so nasskalten Tag dann im Hotel Sonne auch warmes Duschwasser g\u00e4be, aber der Name scheint Programm zu sein &#8211; ohne Sonne auch keine W\u00e4rme!<br \/>\n<iframe loading=\"lazy\" width=\"560\" height=\"315\" src=\"https:\/\/www.youtube.com\/embed\/Sr7TkV7mIyk\" title=\"YouTube video player\" frameborder=\"0\" allow=\"accelerometer; autoplay; clipboard-write; encrypted-media; gyroscope; picture-in-picture; web-share\" allowfullscreen=\"\"><\/iframe><\/p>\n","protected":false},"excerpt":{"rendered":"<p>Eigentlich w\u00e4re heute ja Kl\u00f6tschach geplant gewesen, das Wetter hat uns dann aber spontan umplanen lassen. Auf den kleinen Pass dahin im Vollschiff hatten wir keine Lust. So sind wir in Lienz gelandet und nehmen den geplanten Abstecher zu den Drei Zinnen nun von der anderen Seite her in Angriff, wovon wir uns wettertechnisch kleine [&hellip;]<\/p>\n","protected":false},"author":1,"featured_media":0,"comment_status":"closed","ping_status":"closed","sticky":false,"template":"","format":"standard","meta":{"footnotes":""},"categories":[9,12],"tags":[75],"class_list":["post-7722","post","type-post","status-publish","format-standard","hentry","category-andreas","category-jasmin","tag-eastalpes-tour"],"_links":{"self":[{"href":"http:\/\/lienis.landplaninfo.ch\/index.php?rest_route=\/wp\/v2\/posts\/7722","targetHints":{"allow":["GET"]}}],"collection":[{"href":"http:\/\/lienis.landplaninfo.ch\/index.php?rest_route=\/wp\/v2\/posts"}],"about":[{"href":"http:\/\/lienis.landplaninfo.ch\/index.php?rest_route=\/wp\/v2\/types\/post"}],"author":[{"embeddable":true,"href":"http:\/\/lienis.landplaninfo.ch\/index.php?rest_route=\/wp\/v2\/users\/1"}],"replies":[{"embeddable":true,"href":"http:\/\/lienis.landplaninfo.ch\/index.php?rest_route=%2Fwp%2Fv2%2Fcomments&post=7722"}],"version-history":[{"count":1,"href":"http:\/\/lienis.landplaninfo.ch\/index.php?rest_route=\/wp\/v2\/posts\/7722\/revisions"}],"predecessor-version":[{"id":7723,"href":"http:\/\/lienis.landplaninfo.ch\/index.php?rest_route=\/wp\/v2\/posts\/7722\/revisions\/7723"}],"wp:attachment":[{"href":"http:\/\/lienis.landplaninfo.ch\/index.php?rest_route=%2Fwp%2Fv2%2Fmedia&parent=7722"}],"wp:term":[{"taxonomy":"category","embeddable":true,"href":"http:\/\/lienis.landplaninfo.ch\/index.php?rest_route=%2Fwp%2Fv2%2Fcategories&post=7722"},{"taxonomy":"post_tag","embeddable":true,"href":"http:\/\/lienis.landplaninfo.ch\/index.php?rest_route=%2Fwp%2Fv2%2Ftags&post=7722"}],"curies":[{"name":"wp","href":"https:\/\/api.w.org\/{rel}","templated":true}]}}