{"id":7717,"date":"2023-08-03T16:33:54","date_gmt":"2023-08-03T14:33:54","guid":{"rendered":"http:\/\/lienis.landplaninfo.ch\/?p=7717"},"modified":"2023-08-03T16:39:52","modified_gmt":"2023-08-03T14:39:52","slug":"eat-etappe-12-kranjska-gora-seeboden","status":"publish","type":"post","link":"http:\/\/lienis.landplaninfo.ch\/?p=7717","title":{"rendered":"EAT Etappe 12: Kranjska Gora &#8211; Seeboden"},"content":{"rendered":"<p>Das Wetter wird immer unbest\u00e4ndiger, das Routen planen damit etwas zur Gl\u00fcckssache. Mit den angesagten Gewittern und den wenigen Unterkunftsm\u00f6glichkeiten haben wir die Passfahrten im Triglivnationalpark verworfen und haben etwas besser erschlossene Routen in \u00d6sterreich bevorzugt um bei Bedarf irgenwo unterzukommen. Zwar wars beim Aufstehen noch trocken, beim Morgenessen sch\u00fcttete es bereits um beim Auschecken dann wieder trocken zu sein; nur um, kaum ist alles Gep\u00e4ck am Drahtesel aufgeschnallt, wieder runter zu lassen und uns die Regenkleider \u00fcberziehen zu lassen. Bis wir alles anhatten wars schon fast wieder vorbei und nach den ersten 2 km musste alles wieder runter, damit wir nicht von innen durchn\u00e4sst waren noch bevor der Aufstieg des Tages (kurz und heftig \u00fcber den Wurzenpass) begann. So k\u00f6nnen wir uns immerhin R\u00fchmen schon mal im Weltcup Zielraum von Kranjska Gora einen Teilstrip gemacht zu haben.<br \/>\nDer Wurzenpass war sowohl hoch, wie auch das viel weiter wieder runter auf der \u00f6sterreichischen Seite, mit 18% Rampen gespickt, was beim Runterfahren in Kombination mit miserablem Strassenbelag voller<br \/>\nSchlagl\u00f6cher ebenfalls zur Herausforderung werden kann. Aber das Wetter hat, anderst als bef\u00fcrchtet, gehalten; ab Grenze waren sogar die Strassen trocken und die Regenh\u00e4ute blieben den Rest des Tages verstaut, auch wenn es manchmal nur knapp an uns vor\u00fcber zog.<br \/>\nVillach wollte uns mit seiner riesen Kirmis zum Villacher Kirchentag mit zahlreich Fressst\u00e4nden verf\u00fchren, aber die Wetterprognose im Nacken zogen wir es doch vor, bei trockenem Wetter weitere km hinter uns zu bringen. Ohne Dirndl und Lederhosen waren wir mit den Veloklamotten auch etwas underdressed. Belohnt wurden wir dann daf\u00fcr mit besten Fischgerichten im Fischerhof am Afritzer See, wo uns am Wegesrand ganz nebenbei und unerwartet das Hermann Meier Denkmal zuwank: Der kommt ja offensichtlich ziemlich vom A&#8230; der Welt oder wie sie hier sagen der &#8218;\u00c4usseren Ein\u00f6de&#8216;.<br \/>\nAnsonsten war es eine Strecke typisch f\u00fcr \u00f6sterreichische Bergt\u00e4ler, mit immer wieder mal h\u00fcbschen Weilern und dann wieder schrecklichen Einkaufs- und Industriegebieten auf oft schlecht instand gehaltenen Radwegen entlang stark mit Ausflugsverkehr befahrener Landstrassen, so dass man nie weiss, welches \u00dcbel man lieber auf sich nimmt: Die \u00fcblen Radwege oder die \u00fcbel gelaunten Autofahrer, weil man den Radweg meidet.<br \/>\n<iframe loading=\"lazy\" width=\"560\" height=\"315\" src=\"https:\/\/www.youtube.com\/embed\/KHcNloVmlnk\" title=\"YouTube video player\" frameborder=\"0\" allow=\"accelerometer; autoplay; clipboard-write; encrypted-media; gyroscope; picture-in-picture; web-share\" allowfullscreen=\"\"><\/iframe><\/p>\n","protected":false},"excerpt":{"rendered":"<p>Das Wetter wird immer unbest\u00e4ndiger, das Routen planen damit etwas zur Gl\u00fcckssache. Mit den angesagten Gewittern und den wenigen Unterkunftsm\u00f6glichkeiten haben wir die Passfahrten im Triglivnationalpark verworfen und haben etwas besser erschlossene Routen in \u00d6sterreich bevorzugt um bei Bedarf irgenwo unterzukommen. Zwar wars beim Aufstehen noch trocken, beim Morgenessen sch\u00fcttete es bereits um beim Auschecken [&hellip;]<\/p>\n","protected":false},"author":1,"featured_media":0,"comment_status":"closed","ping_status":"closed","sticky":false,"template":"","format":"standard","meta":{"footnotes":""},"categories":[9,12],"tags":[75],"class_list":["post-7717","post","type-post","status-publish","format-standard","hentry","category-andreas","category-jasmin","tag-eastalpes-tour"],"_links":{"self":[{"href":"http:\/\/lienis.landplaninfo.ch\/index.php?rest_route=\/wp\/v2\/posts\/7717","targetHints":{"allow":["GET"]}}],"collection":[{"href":"http:\/\/lienis.landplaninfo.ch\/index.php?rest_route=\/wp\/v2\/posts"}],"about":[{"href":"http:\/\/lienis.landplaninfo.ch\/index.php?rest_route=\/wp\/v2\/types\/post"}],"author":[{"embeddable":true,"href":"http:\/\/lienis.landplaninfo.ch\/index.php?rest_route=\/wp\/v2\/users\/1"}],"replies":[{"embeddable":true,"href":"http:\/\/lienis.landplaninfo.ch\/index.php?rest_route=%2Fwp%2Fv2%2Fcomments&post=7717"}],"version-history":[{"count":3,"href":"http:\/\/lienis.landplaninfo.ch\/index.php?rest_route=\/wp\/v2\/posts\/7717\/revisions"}],"predecessor-version":[{"id":7720,"href":"http:\/\/lienis.landplaninfo.ch\/index.php?rest_route=\/wp\/v2\/posts\/7717\/revisions\/7720"}],"wp:attachment":[{"href":"http:\/\/lienis.landplaninfo.ch\/index.php?rest_route=%2Fwp%2Fv2%2Fmedia&parent=7717"}],"wp:term":[{"taxonomy":"category","embeddable":true,"href":"http:\/\/lienis.landplaninfo.ch\/index.php?rest_route=%2Fwp%2Fv2%2Fcategories&post=7717"},{"taxonomy":"post_tag","embeddable":true,"href":"http:\/\/lienis.landplaninfo.ch\/index.php?rest_route=%2Fwp%2Fv2%2Ftags&post=7717"}],"curies":[{"name":"wp","href":"https:\/\/api.w.org\/{rel}","templated":true}]}}