{"id":7706,"date":"2023-08-01T15:26:52","date_gmt":"2023-08-01T13:26:52","guid":{"rendered":"http:\/\/lienis.landplaninfo.ch\/?p=7706"},"modified":"2023-08-02T20:55:48","modified_gmt":"2023-08-02T18:55:48","slug":"eat-etappe-10-klopainersee-kranj","status":"publish","type":"post","link":"http:\/\/lienis.landplaninfo.ch\/?p=7706","title":{"rendered":"EAT Etappe 10: Klopeinersee &#8211; Kranj"},"content":{"rendered":"<p>Bestens ausgeruht und gest\u00e4rkt von Geburiessen und Fr\u00fchst\u00fccksbuffet startet der zweite Teil unsere Veloreise und da f\u00fchrte uns der Weg \u00fcber den wundersch\u00f6n zu fahrenden Seebergsattel mit seinen zahlreichen Kehren, die sich leider alle im Wald versteckten, wieder zur\u00fcck nach Slovenien. Durchnittlich wieder 6-7% gem\u00e4ss unserer Planung und diesmal, welche Freude, so auch in echt und damit richtig zum Geniessen. Unterwegs sah es mal kurz aus als k\u00f6nnten wir noch eine Tropfsteinh\u00f6hle besichtigen. Der &#8218;Eingang&#8216; entpuppte sich dann aber als Ticketverkaufsschalter f\u00fcr 3h-ige, gef\u00fchrte Tour inkl. Carfahrt zu den H\u00f6hlen. Daf\u00fcr war dann doch keine Zeit, denn es war ja ab Mittag Regen angesagt. Darum kurz fotografiert, was wir &#8218;verpasst&#8216; haben und weiter pedalt. P\u00fcnktlich als wir Passh\u00f6he (oder heissts jetzt Sattel?) und Grenz\u00fcbergang erreicht hatten, begann es immer st\u00e4rker zu Sch\u00fctten. Also Abfahrt wieder in Vollmontur bis uns die erste richtige slovenische Ausflugsbeiz am Weg \u00fcberraschte und uns ein gem\u00fctliches Dach und lokale Spezialit\u00e4ten bot, bis der Regen vorbei gezogen war.<br \/>\nDie weiteren Kilometer f\u00fchrten dann ohne Regen immer mehr oder weniger Abw\u00e4rts durch ein ziemlich wildromantisches (Abgesehen von der Passstrasse nat\u00fcrlich, die sich neben dem Fluss durchzw\u00e4ngt) Tal der Kokra entlang.<br \/>\nAuffallend wie sich im Aufstieg auf \u00f6sterreichischer Seite entlang der Vellach und auf den Forstfl\u00e4chen unendliche Neophytenfluren breit machten, w\u00e4rend es auf der slovenischen Seite entlang der Kokra gar nichts mehr davon gibt und es aussieht wie im Nationalpark komplett Kn\u00f6terich- und Springkrautfrei. Nun bleibt Zeit f\u00fcr kleinen Waschtag und Stadtbesichtigung.<br \/>\n<iframe loading=\"lazy\" width=\"560\" height=\"315\" src=\"https:\/\/www.youtube.com\/embed\/mH0hNQZuCZM\" title=\"YouTube video player\" frameborder=\"0\" allow=\"accelerometer; autoplay; clipboard-write; encrypted-media; gyroscope; picture-in-picture; web-share\" allowfullscreen=\"\"><\/iframe><\/p>\n","protected":false},"excerpt":{"rendered":"<p>Bestens ausgeruht und gest\u00e4rkt von Geburiessen und Fr\u00fchst\u00fccksbuffet startet der zweite Teil unsere Veloreise und da f\u00fchrte uns der Weg \u00fcber den wundersch\u00f6n zu fahrenden Seebergsattel mit seinen zahlreichen Kehren, die sich leider alle im Wald versteckten, wieder zur\u00fcck nach Slovenien. Durchnittlich wieder 6-7% gem\u00e4ss unserer Planung und diesmal, welche Freude, so auch in echt [&hellip;]<\/p>\n","protected":false},"author":1,"featured_media":0,"comment_status":"closed","ping_status":"closed","sticky":false,"template":"","format":"standard","meta":{"footnotes":""},"categories":[9,12],"tags":[75],"class_list":["post-7706","post","type-post","status-publish","format-standard","hentry","category-andreas","category-jasmin","tag-eastalpes-tour"],"_links":{"self":[{"href":"http:\/\/lienis.landplaninfo.ch\/index.php?rest_route=\/wp\/v2\/posts\/7706","targetHints":{"allow":["GET"]}}],"collection":[{"href":"http:\/\/lienis.landplaninfo.ch\/index.php?rest_route=\/wp\/v2\/posts"}],"about":[{"href":"http:\/\/lienis.landplaninfo.ch\/index.php?rest_route=\/wp\/v2\/types\/post"}],"author":[{"embeddable":true,"href":"http:\/\/lienis.landplaninfo.ch\/index.php?rest_route=\/wp\/v2\/users\/1"}],"replies":[{"embeddable":true,"href":"http:\/\/lienis.landplaninfo.ch\/index.php?rest_route=%2Fwp%2Fv2%2Fcomments&post=7706"}],"version-history":[{"count":4,"href":"http:\/\/lienis.landplaninfo.ch\/index.php?rest_route=\/wp\/v2\/posts\/7706\/revisions"}],"predecessor-version":[{"id":7715,"href":"http:\/\/lienis.landplaninfo.ch\/index.php?rest_route=\/wp\/v2\/posts\/7706\/revisions\/7715"}],"wp:attachment":[{"href":"http:\/\/lienis.landplaninfo.ch\/index.php?rest_route=%2Fwp%2Fv2%2Fmedia&parent=7706"}],"wp:term":[{"taxonomy":"category","embeddable":true,"href":"http:\/\/lienis.landplaninfo.ch\/index.php?rest_route=%2Fwp%2Fv2%2Fcategories&post=7706"},{"taxonomy":"post_tag","embeddable":true,"href":"http:\/\/lienis.landplaninfo.ch\/index.php?rest_route=%2Fwp%2Fv2%2Ftags&post=7706"}],"curies":[{"name":"wp","href":"https:\/\/api.w.org\/{rel}","templated":true}]}}