{"id":7672,"date":"2023-07-28T16:35:28","date_gmt":"2023-07-28T14:35:28","guid":{"rendered":"http:\/\/lienis.landplaninfo.ch\/?p=7672"},"modified":"2023-07-28T16:41:46","modified_gmt":"2023-07-28T14:41:46","slug":"eat-etappe-6-maribor-deutschlandsberg","status":"publish","type":"post","link":"http:\/\/lienis.landplaninfo.ch\/?p=7672","title":{"rendered":"EAT Etappe 6: Maribor &#8211; Deutschlandsberg"},"content":{"rendered":"<p>Mit&#8217;m Radl \u00fcber den Radlpass, warum nicht, wenn man schon mal in der Gegend rumkurft. Vorher aber begr\u00fcsste uns zum Abschied von Maribor noch der Slalomhang und auch einige der gestern genossenen dalmatinischen Fischspezialit\u00e4ten wollten nicht so schnell vergessen gehen und rumorten in der Magengegend rum. Aber Radfahren hilft auch dagegen und bald genossen wir Drava-Bike, wie die Radwege im Drautal heissen, die allerdings nicht wirklich im Tal unten verlaufen wollten, sondern dauernd rauf und runter f\u00fchrten, so dass wir schon etliche H\u00f6henmeter gesammelt hatten, bis zum Beginn des Radlpasses in Radlje. Dann<br \/>\nendlich eine richtige Passstrasse mit einigermassen gleichm\u00e4ssiger Steigungen die unter 10% blieben, was bei vielen der Kurzaufstiege vorher nicht gegeben war. Fichtenw\u00e4lder und von den allgegenw\u00e4rtigen alles \u00fcberwuchernden Neophyten (Japankn\u00f6terich und Springkraut) an Strassen-, Bahn-, und Flussboarden abgesehen, eine blumenreiche Alpenvegetation, wie sie zuhause eher ab 1000 m.\u00fc.M normal ist, wobei wir uns hier zwischen 250 und 700 m.\u00fc.M bewegen. Es muss wohl am kontinentaleren Winterklima liegen, dass es so wirkt und immer mal wieder ein Skilift mit Pistenschneisen an den H\u00e4ngen unter 1&#8217;000 m.\u00fc.M. angelegt wurden? Der aktuell aber herrschende kontinentale Sommer sorgt daf\u00fcr, dass wir wieder bei 30\u00b0 fleissig schwitzen und jede Tr\u00e4nke\/Sch\u00e4nke nutzten um Fl\u00fcssigkeit nachzuf\u00fcllen.<\/p>\n<p>Warum es in der Steiermark am \u00d6lspur-Radweg einen Ort namens Deutschlandsberg gibt, m\u00fcssen wir nun noch rausfinden. Rauszufinden, dass &#8218;\u00d6lspur&#8216; nicht die allgegenw\u00e4rtigen Autos parallel zum Radweg meinte, sondern das steirische K\u00fcrbiskern\u00f6l, dauerte bei der Hitze heute auch einige Zeit.<br \/>\n<iframe loading=\"lazy\" width=\"560\" height=\"315\" src=\"https:\/\/www.youtube.com\/embed\/Re4hXu-cRlo\" title=\"YouTube video player\" frameborder=\"0\" allow=\"accelerometer; autoplay; clipboard-write; encrypted-media; gyroscope; picture-in-picture; web-share\" allowfullscreen=\"\"><\/iframe><\/p>\n","protected":false},"excerpt":{"rendered":"<p>Mit&#8217;m Radl \u00fcber den Radlpass, warum nicht, wenn man schon mal in der Gegend rumkurft. Vorher aber begr\u00fcsste uns zum Abschied von Maribor noch der Slalomhang und auch einige der gestern genossenen dalmatinischen Fischspezialit\u00e4ten wollten nicht so schnell vergessen gehen und rumorten in der Magengegend rum. Aber Radfahren hilft auch dagegen und bald genossen wir [&hellip;]<\/p>\n","protected":false},"author":1,"featured_media":0,"comment_status":"closed","ping_status":"closed","sticky":false,"template":"","format":"standard","meta":{"footnotes":""},"categories":[9,12],"tags":[75],"class_list":["post-7672","post","type-post","status-publish","format-standard","hentry","category-andreas","category-jasmin","tag-eastalpes-tour"],"_links":{"self":[{"href":"http:\/\/lienis.landplaninfo.ch\/index.php?rest_route=\/wp\/v2\/posts\/7672","targetHints":{"allow":["GET"]}}],"collection":[{"href":"http:\/\/lienis.landplaninfo.ch\/index.php?rest_route=\/wp\/v2\/posts"}],"about":[{"href":"http:\/\/lienis.landplaninfo.ch\/index.php?rest_route=\/wp\/v2\/types\/post"}],"author":[{"embeddable":true,"href":"http:\/\/lienis.landplaninfo.ch\/index.php?rest_route=\/wp\/v2\/users\/1"}],"replies":[{"embeddable":true,"href":"http:\/\/lienis.landplaninfo.ch\/index.php?rest_route=%2Fwp%2Fv2%2Fcomments&post=7672"}],"version-history":[{"count":3,"href":"http:\/\/lienis.landplaninfo.ch\/index.php?rest_route=\/wp\/v2\/posts\/7672\/revisions"}],"predecessor-version":[{"id":7675,"href":"http:\/\/lienis.landplaninfo.ch\/index.php?rest_route=\/wp\/v2\/posts\/7672\/revisions\/7675"}],"wp:attachment":[{"href":"http:\/\/lienis.landplaninfo.ch\/index.php?rest_route=%2Fwp%2Fv2%2Fmedia&parent=7672"}],"wp:term":[{"taxonomy":"category","embeddable":true,"href":"http:\/\/lienis.landplaninfo.ch\/index.php?rest_route=%2Fwp%2Fv2%2Fcategories&post=7672"},{"taxonomy":"post_tag","embeddable":true,"href":"http:\/\/lienis.landplaninfo.ch\/index.php?rest_route=%2Fwp%2Fv2%2Ftags&post=7672"}],"curies":[{"name":"wp","href":"https:\/\/api.w.org\/{rel}","templated":true}]}}