{"id":7655,"date":"2023-07-24T18:07:37","date_gmt":"2023-07-24T16:07:37","guid":{"rendered":"http:\/\/lienis.landplaninfo.ch\/?p=7655"},"modified":"2023-07-24T18:13:45","modified_gmt":"2023-07-24T16:13:45","slug":"eat-etappe-2-bratislava-sopron","status":"publish","type":"post","link":"http:\/\/lienis.landplaninfo.ch\/?p=7655","title":{"rendered":"EAT Etappe 2: Bratislava &#8211; Sopron"},"content":{"rendered":"<p>Die Idee in Bratislava in einer Konditorei mit einem feinen Kaffee zu starten, scheiterte an der Routenwahl entlang der Donau, die durch Kommerzzentren und Industriegebiete f\u00fchrte. Nach 1h dann endlich der erste Radlertreff, wo wir dann aber schon viel zu viel verdunstet hatten um nur noch mit einem kleinen Espresso aufzutanken. Nach der Donau dann ins topfebene und damit ziemlich orientierungslose (und wohl auch Burgenlose, oder man sieht sie nicht ohne H\u00fcgel; wo man sie h\u00e4tte raufstellen k\u00f6nnen) Burgenland. Halt fahren nach Zahlen (oder besser nach Navi). Zwischendurch meint man sich an den Windr\u00e4dern orientieren zu k\u00f6nnen, aber die stehen so \u00fcberall, dass das  mit der Zeit genauso verwirrte wie die vielen Abbiegungen um irgendwelche Hecken. Daf\u00fcr kann man mit den meisten Abschnitten gleich eine Vielzahl von Velorouten abhaken.<br \/>\nVor Neusiedel dann der schrecklichste Ort \u00d6sterreichs &#8211; ein Outletvillage so gross wie die Z\u00fcrcher Altstatt und Velowege geplant von einem bekifften Disney Park Verkehrsplaner.<br \/>\nDie Fahrt nach S\u00fcden entpuppte sich mit sehr steifem Gegenwind dann als echter Kraftakt. Schottische Windst\u00e4rke aber Temparaturen als h\u00e4tte jemand einen heissen Riesenf\u00f6hn aufgestellt. So rasch wie es verdunstete gelang es fast nicht neues Wasser nachzusch\u00fctten. Und Baden bei 20cm Wassertiefe ist auch ein eher zweifelhaftes Vergn\u00fcgen. Immerhin 3 km der heutigen 110 km schenkte uns die Fahrradf\u00e4hre. Dass dann die letzten 15 km zum Gegenwind auch noch richtige Anstiege beinhaltete, zeigt hoffentlich, dass die Ostalpen nun nicht mehr allzuweit sind.<br \/>\n<iframe loading=\"lazy\" width=\"560\" height=\"315\" src=\"https:\/\/www.youtube.com\/embed\/V6ckyxTBCGo\" title=\"YouTube video player\" frameborder=\"0\" allow=\"accelerometer; autoplay; clipboard-write; encrypted-media; gyroscope; picture-in-picture; web-share\" allowfullscreen=\"\"><\/iframe><\/p>\n","protected":false},"excerpt":{"rendered":"<p>Die Idee in Bratislava in einer Konditorei mit einem feinen Kaffee zu starten, scheiterte an der Routenwahl entlang der Donau, die durch Kommerzzentren und Industriegebiete f\u00fchrte. Nach 1h dann endlich der erste Radlertreff, wo wir dann aber schon viel zu viel verdunstet hatten um nur noch mit einem kleinen Espresso aufzutanken. Nach der Donau dann [&hellip;]<\/p>\n","protected":false},"author":1,"featured_media":0,"comment_status":"closed","ping_status":"closed","sticky":false,"template":"","format":"standard","meta":{"footnotes":""},"categories":[9,12],"tags":[75],"class_list":["post-7655","post","type-post","status-publish","format-standard","hentry","category-andreas","category-jasmin","tag-eastalpes-tour"],"_links":{"self":[{"href":"http:\/\/lienis.landplaninfo.ch\/index.php?rest_route=\/wp\/v2\/posts\/7655","targetHints":{"allow":["GET"]}}],"collection":[{"href":"http:\/\/lienis.landplaninfo.ch\/index.php?rest_route=\/wp\/v2\/posts"}],"about":[{"href":"http:\/\/lienis.landplaninfo.ch\/index.php?rest_route=\/wp\/v2\/types\/post"}],"author":[{"embeddable":true,"href":"http:\/\/lienis.landplaninfo.ch\/index.php?rest_route=\/wp\/v2\/users\/1"}],"replies":[{"embeddable":true,"href":"http:\/\/lienis.landplaninfo.ch\/index.php?rest_route=%2Fwp%2Fv2%2Fcomments&post=7655"}],"version-history":[{"count":3,"href":"http:\/\/lienis.landplaninfo.ch\/index.php?rest_route=\/wp\/v2\/posts\/7655\/revisions"}],"predecessor-version":[{"id":7658,"href":"http:\/\/lienis.landplaninfo.ch\/index.php?rest_route=\/wp\/v2\/posts\/7655\/revisions\/7658"}],"wp:attachment":[{"href":"http:\/\/lienis.landplaninfo.ch\/index.php?rest_route=%2Fwp%2Fv2%2Fmedia&parent=7655"}],"wp:term":[{"taxonomy":"category","embeddable":true,"href":"http:\/\/lienis.landplaninfo.ch\/index.php?rest_route=%2Fwp%2Fv2%2Fcategories&post=7655"},{"taxonomy":"post_tag","embeddable":true,"href":"http:\/\/lienis.landplaninfo.ch\/index.php?rest_route=%2Fwp%2Fv2%2Ftags&post=7655"}],"curies":[{"name":"wp","href":"https:\/\/api.w.org\/{rel}","templated":true}]}}