{"id":7490,"date":"2023-05-05T17:29:49","date_gmt":"2023-05-05T15:29:49","guid":{"rendered":"https:\/\/lienis.landplaninfo.ch\/?p=7490"},"modified":"2023-05-05T17:40:27","modified_gmt":"2023-05-05T15:40:27","slug":"cevennes-etappe-6-begoin-mont-ventoux-avignion","status":"publish","type":"post","link":"http:\/\/lienis.landplaninfo.ch\/?p=7490","title":{"rendered":"Cevennes &#8211; Etappe 6: B\u00e9goin-Mont Ventoux-Avignion"},"content":{"rendered":"<p>Es begann ganz moderat mit angenehmen Steigungen um die 5%. Nach den ersten Kilometer gings dann richtig in die S\u00fcdrampe rein und die Steigungen pendelten zwischen 8 und 13% bis zum Chalet Reynard. Gut hatten wir uns entschieden das Gep\u00e4ck in der Unterkunft deponiert zu lassen, was uns zwar zwang den selben Weg auch wieder runter zu donnern, in Anbetracht der Landschaft war das \u00fcberhaupt kein Nachteil. So eingefahren war der H\u00f6hepunkt der Tour vom Chalet Reynard bis zum Gipfel mit ca. 7% richtig zum Geniessen. Und das haben wir nicht Alleine getan:  Hunderschaften von Lenkstangengoiferis jeden Alters taten es uns gleich und fuhren, sprinteten oder qu\u00e4lten sich auf ihren Rennr\u00e4der den Berg hoch. Das sch\u00f6nste aus Velofahrersicht: Motorr\u00e4der blieben die absolute Ausnahme, Autofahrer benahmen sich als h\u00e4tten sie ein schlechtes Gewissen den Velos den Platz streitig zu machen.<br \/>\nDies war dann in der langen Anfahrt nach Avignon nicht mehr so. Nach 6 Tagen auf meist leeren Strassen muss man sich zuerst wieder an den Stadtvekehr gew\u00f6hnen (mit Metonung auf &#8218;muss&#8216;, nicht &#8218;will&#8216;!).<br \/>\nAus dem geplanten sch\u00f6nen Abend in Avignon wird leider Nichts. Die Z\u00fcge morgen sind schon ausgebucht und darum sind wir kaum angekommen kurzentschlossen noch in den sehr vollen TER nach Lyon &#8211; Genf gestiegen, um morgen noch rechtzeitig heim zu kommen. Die Mitfahrenden haben sicher Freude an uns verschwitzen Vel\u00f6ler &#8211; aber sie lassen sich nichts anmerken.<br \/>\n<iframe loading=\"lazy\" width=\"560\" height=\"315\" src=\"https:\/\/www.youtube.com\/embed\/DMde0w4Ki7Q\" title=\"YouTube video player\" frameborder=\"0\" allow=\"accelerometer; autoplay; clipboard-write; encrypted-media; gyroscope; picture-in-picture; web-share\" allowfullscreen=\"\"><\/iframe><\/p>\n","protected":false},"excerpt":{"rendered":"<p>Es begann ganz moderat mit angenehmen Steigungen um die 5%. Nach den ersten Kilometer gings dann richtig in die S\u00fcdrampe rein und die Steigungen pendelten zwischen 8 und 13% bis zum Chalet Reynard. Gut hatten wir uns entschieden das Gep\u00e4ck in der Unterkunft deponiert zu lassen, was uns zwar zwang den selben Weg auch wieder [&hellip;]<\/p>\n","protected":false},"author":1,"featured_media":0,"comment_status":"closed","ping_status":"closed","sticky":false,"template":"","format":"standard","meta":{"footnotes":""},"categories":[9,12],"tags":[73],"class_list":["post-7490","post","type-post","status-publish","format-standard","hentry","category-andreas","category-jasmin","tag-tour-de-cevennes"],"_links":{"self":[{"href":"http:\/\/lienis.landplaninfo.ch\/index.php?rest_route=\/wp\/v2\/posts\/7490","targetHints":{"allow":["GET"]}}],"collection":[{"href":"http:\/\/lienis.landplaninfo.ch\/index.php?rest_route=\/wp\/v2\/posts"}],"about":[{"href":"http:\/\/lienis.landplaninfo.ch\/index.php?rest_route=\/wp\/v2\/types\/post"}],"author":[{"embeddable":true,"href":"http:\/\/lienis.landplaninfo.ch\/index.php?rest_route=\/wp\/v2\/users\/1"}],"replies":[{"embeddable":true,"href":"http:\/\/lienis.landplaninfo.ch\/index.php?rest_route=%2Fwp%2Fv2%2Fcomments&post=7490"}],"version-history":[{"count":5,"href":"http:\/\/lienis.landplaninfo.ch\/index.php?rest_route=\/wp\/v2\/posts\/7490\/revisions"}],"predecessor-version":[{"id":7498,"href":"http:\/\/lienis.landplaninfo.ch\/index.php?rest_route=\/wp\/v2\/posts\/7490\/revisions\/7498"}],"wp:attachment":[{"href":"http:\/\/lienis.landplaninfo.ch\/index.php?rest_route=%2Fwp%2Fv2%2Fmedia&parent=7490"}],"wp:term":[{"taxonomy":"category","embeddable":true,"href":"http:\/\/lienis.landplaninfo.ch\/index.php?rest_route=%2Fwp%2Fv2%2Fcategories&post=7490"},{"taxonomy":"post_tag","embeddable":true,"href":"http:\/\/lienis.landplaninfo.ch\/index.php?rest_route=%2Fwp%2Fv2%2Ftags&post=7490"}],"curies":[{"name":"wp","href":"https:\/\/api.w.org\/{rel}","templated":true}]}}