{"id":7476,"date":"2023-05-04T16:38:04","date_gmt":"2023-05-04T14:38:04","guid":{"rendered":"https:\/\/lienis.landplaninfo.ch\/?p=7476"},"modified":"2023-05-04T16:47:16","modified_gmt":"2023-05-04T14:47:16","slug":"cevennes-etappe-5-vallerargues-bedoin","status":"publish","type":"post","link":"http:\/\/lienis.landplaninfo.ch\/?p=7476","title":{"rendered":"Cevennes &#8211; Etappe 5: Vallerargues &#8211; B\u00e9doin"},"content":{"rendered":"<p>Querung der Rhone-Ebbene t\u00f6nt wenig spektakul\u00e4r und war es auch nicht wirklich. Da lotste uns das GPS zuerst grad mal auf einige Kilometer b\u00f6sestes Gravel, so dass Schrittempo angesagt war um das Gep\u00e4ck nicht zu verlieren oder einen Platten zu riskieren (Die Landschaft war glaube ich sch\u00f6n, habe sie nur nicht anschauen k\u00f6nnen). Dann gings den Rest des Tages auf Asphalt und ziemlich oft entlang befahrener Strassen, die zwar immer einen Velstreifen hatten, trotzem nicht das reine Genussfahren boten.<br \/>\nUmso \u00fcberraschender, dass der Mont Ventoux auf den Kilometern, die wir den Radweg (Via Venessia) auf stillgelegtem Bahntrasse nutzen konnten, sehr rasch n\u00e4her r\u00fcckte. Seit dem Morgen erhob er sich weit weg am Horizont um den ganzen Tag \u00fcber immer bedrohlich gr\u00f6sser und h\u00f6her zu werden.<br \/>\nDas wird morgen noch ein ziemliches St\u00fcck Arbeit, aber ist hoffentlich zu schaffen ( Eir werdens sehen). Dass Bedoin erst auf 300m und nicht wie erwartet schon auf 600 m.\u00fc.M. liegt hat uns zwar heute \u00fcberascht und zu unverhoft fr\u00fchem Feierabend gef\u00fchrt, aber das macht es morgen nicht leichter (auch H\u00f6henangaben sollten richtig abgelesen werden).<br \/>\nBemerkenswert wie die Rennvelodichte zum Ventoux hin kontinuierlich &#8218;anstieg&#8216; &#8211; uh schon wieder so ein Angstwort !!!! Da h\u00f6hre ich doch grad auf zu schreiben, suche mir ein k\u00fchles Blondes und dann begehen wir den Abend mit etwas vorgeholtem Mitleid.<br \/>\n<iframe loading=\"lazy\" width=\"560\" height=\"315\" src=\"https:\/\/www.youtube.com\/embed\/kEdZ7K7Geis\" title=\"YouTube video player\" frameborder=\"0\" allow=\"accelerometer; autoplay; clipboard-write; encrypted-media; gyroscope; picture-in-picture; web-share\" allowfullscreen=\"\"><\/iframe><\/p>\n","protected":false},"excerpt":{"rendered":"<p>Querung der Rhone-Ebbene t\u00f6nt wenig spektakul\u00e4r und war es auch nicht wirklich. Da lotste uns das GPS zuerst grad mal auf einige Kilometer b\u00f6sestes Gravel, so dass Schrittempo angesagt war um das Gep\u00e4ck nicht zu verlieren oder einen Platten zu riskieren (Die Landschaft war glaube ich sch\u00f6n, habe sie nur nicht anschauen k\u00f6nnen). Dann gings [&hellip;]<\/p>\n","protected":false},"author":1,"featured_media":0,"comment_status":"closed","ping_status":"closed","sticky":false,"template":"","format":"standard","meta":{"footnotes":""},"categories":[9,12],"tags":[73],"class_list":["post-7476","post","type-post","status-publish","format-standard","hentry","category-andreas","category-jasmin","tag-tour-de-cevennes"],"_links":{"self":[{"href":"http:\/\/lienis.landplaninfo.ch\/index.php?rest_route=\/wp\/v2\/posts\/7476","targetHints":{"allow":["GET"]}}],"collection":[{"href":"http:\/\/lienis.landplaninfo.ch\/index.php?rest_route=\/wp\/v2\/posts"}],"about":[{"href":"http:\/\/lienis.landplaninfo.ch\/index.php?rest_route=\/wp\/v2\/types\/post"}],"author":[{"embeddable":true,"href":"http:\/\/lienis.landplaninfo.ch\/index.php?rest_route=\/wp\/v2\/users\/1"}],"replies":[{"embeddable":true,"href":"http:\/\/lienis.landplaninfo.ch\/index.php?rest_route=%2Fwp%2Fv2%2Fcomments&post=7476"}],"version-history":[{"count":8,"href":"http:\/\/lienis.landplaninfo.ch\/index.php?rest_route=\/wp\/v2\/posts\/7476\/revisions"}],"predecessor-version":[{"id":7488,"href":"http:\/\/lienis.landplaninfo.ch\/index.php?rest_route=\/wp\/v2\/posts\/7476\/revisions\/7488"}],"wp:attachment":[{"href":"http:\/\/lienis.landplaninfo.ch\/index.php?rest_route=%2Fwp%2Fv2%2Fmedia&parent=7476"}],"wp:term":[{"taxonomy":"category","embeddable":true,"href":"http:\/\/lienis.landplaninfo.ch\/index.php?rest_route=%2Fwp%2Fv2%2Fcategories&post=7476"},{"taxonomy":"post_tag","embeddable":true,"href":"http:\/\/lienis.landplaninfo.ch\/index.php?rest_route=%2Fwp%2Fv2%2Ftags&post=7476"}],"curies":[{"name":"wp","href":"https:\/\/api.w.org\/{rel}","templated":true}]}}