{"id":7456,"date":"2023-05-02T16:44:34","date_gmt":"2023-05-02T14:44:34","guid":{"rendered":"https:\/\/lienis.landplaninfo.ch\/?p=7456"},"modified":"2023-05-02T16:56:29","modified_gmt":"2023-05-02T14:56:29","slug":"cevennes-etappe-3-florac-causse-mejan","status":"publish","type":"post","link":"http:\/\/lienis.landplaninfo.ch\/?p=7456","title":{"rendered":"Cevennes &#8211; Etappe 3: Florac &#8211; Causse M\u00e9jan"},"content":{"rendered":"<p>Beste Wetteraussichten und leichtes Gep\u00e4ck liessen mich zuerst grossz\u00fcgig planen, um dann doch auf die Stimme der Vernunft (=Jasmin) zu h\u00f6ren und darum schlieeslich eine eher gem\u00fctliche Tour ins Programm zu nehmen. Am Morgen noch Proviant f\u00fcr ein ausgiebiges Picnic besorgt (v.a. feiner cremiger Roquefort &#8211; man weiss ja wo man ist) denn dass es auf der Causse mit Beizen eng werden w\u00fcrde war klar.<br \/>\nDie ersten Kilometer dem Fluss entlang waren gem\u00fctliches Einfahren, der Aufstieg zur Causse ebenfalls perfekt mit idealen Velotemperaturen und besten 7% Steigung. Als die Krete erreicht war hiess es dann: Vom Winde verweht! Immer wieder dr\u00fcckten seitliche B\u00f6hen das Vorderrad weg und das Fahren war so auf Dauer recht erm\u00fcdend. Zwar gings etwas entspannter als wir dann direkt gegen den anhaltend starken Wind fahren durften aber wenn schon bei 3-4% das kleinste Ritzel zum Zug kommt geht das schlisslich an die Substanz. Immerhin das Picnic an einem etwas windgesch\u00fctzen Bord war zum Geniessen.<br \/>\nTrotzdem entsch\u00e4digte unterwegs die einmalge Landschaft, dass uns den ganzen Tag die G\u00e4nsegeier begleiteten war (vermutlich?) nur Zufall, und merke: Immer sch\u00f6n auf die Vernunft h\u00f6ren, dann haben die V\u00f6gel das Nachsehen.<br \/>\n<iframe loading=\"lazy\" width=\"560\" height=\"315\" src=\"https:\/\/www.youtube.com\/embed\/hTWbPbEvFvs\" title=\"YouTube video player\" frameborder=\"0\" allow=\"accelerometer; autoplay; clipboard-write; encrypted-media; gyroscope; picture-in-picture; web-share\" allowfullscreen=\"\"><\/iframe><\/p>\n","protected":false},"excerpt":{"rendered":"<p>Beste Wetteraussichten und leichtes Gep\u00e4ck liessen mich zuerst grossz\u00fcgig planen, um dann doch auf die Stimme der Vernunft (=Jasmin) zu h\u00f6ren und darum schlieeslich eine eher gem\u00fctliche Tour ins Programm zu nehmen. Am Morgen noch Proviant f\u00fcr ein ausgiebiges Picnic besorgt (v.a. feiner cremiger Roquefort &#8211; man weiss ja wo man ist) denn dass es [&hellip;]<\/p>\n","protected":false},"author":1,"featured_media":0,"comment_status":"closed","ping_status":"closed","sticky":false,"template":"","format":"standard","meta":{"footnotes":""},"categories":[9,12],"tags":[73],"class_list":["post-7456","post","type-post","status-publish","format-standard","hentry","category-andreas","category-jasmin","tag-tour-de-cevennes"],"_links":{"self":[{"href":"http:\/\/lienis.landplaninfo.ch\/index.php?rest_route=\/wp\/v2\/posts\/7456","targetHints":{"allow":["GET"]}}],"collection":[{"href":"http:\/\/lienis.landplaninfo.ch\/index.php?rest_route=\/wp\/v2\/posts"}],"about":[{"href":"http:\/\/lienis.landplaninfo.ch\/index.php?rest_route=\/wp\/v2\/types\/post"}],"author":[{"embeddable":true,"href":"http:\/\/lienis.landplaninfo.ch\/index.php?rest_route=\/wp\/v2\/users\/1"}],"replies":[{"embeddable":true,"href":"http:\/\/lienis.landplaninfo.ch\/index.php?rest_route=%2Fwp%2Fv2%2Fcomments&post=7456"}],"version-history":[{"count":4,"href":"http:\/\/lienis.landplaninfo.ch\/index.php?rest_route=\/wp\/v2\/posts\/7456\/revisions"}],"predecessor-version":[{"id":7461,"href":"http:\/\/lienis.landplaninfo.ch\/index.php?rest_route=\/wp\/v2\/posts\/7456\/revisions\/7461"}],"wp:attachment":[{"href":"http:\/\/lienis.landplaninfo.ch\/index.php?rest_route=%2Fwp%2Fv2%2Fmedia&parent=7456"}],"wp:term":[{"taxonomy":"category","embeddable":true,"href":"http:\/\/lienis.landplaninfo.ch\/index.php?rest_route=%2Fwp%2Fv2%2Fcategories&post=7456"},{"taxonomy":"post_tag","embeddable":true,"href":"http:\/\/lienis.landplaninfo.ch\/index.php?rest_route=%2Fwp%2Fv2%2Ftags&post=7456"}],"curies":[{"name":"wp","href":"https:\/\/api.w.org\/{rel}","templated":true}]}}