{"id":7445,"date":"2023-05-01T16:54:53","date_gmt":"2023-05-01T14:54:53","guid":{"rendered":"https:\/\/lienis.landplaninfo.ch\/?p=7445"},"modified":"2023-05-01T20:46:20","modified_gmt":"2023-05-01T18:46:20","slug":"cevennes-etappe-2-les-vans-florac","status":"publish","type":"post","link":"http:\/\/lienis.landplaninfo.ch\/?p=7445","title":{"rendered":"Cevennes &#8211; Etappe 2: Les Vans &#8211; Florac"},"content":{"rendered":"<p>Les Montagnes des Ardeche hiess das Programm heute, das uns u.a. \u00fcber den Col de la croix de Berthel in den Nationalpark der Cevennen brachte. 1. Mai = Tag der Arbeit &#8211; Also haben wir die Beine arbeiten lassen. Bedeutet aber auch: Alle Beizen haben zu und so gabs im Aufstieg in der einzigen Bar die offen hatte ein Cola mit Chips als Gourmetgang. Auf der Abfahrt vom Pass kam es Andreas dann pl\u00f6tzlich wieder bekannt vor (Stichwort Fachstellenreise 2014, und schon damals gedacht, da will ich mit dem Velo mal hin und &#8212; es ist keine 10 Jahre gegangen????) und im Touristenort Le Pont de Monvert war mehr ge\u00f6ffnet und mit einem feinen Dessert war f\u00fcr Kaloriennachschub gesorgt (Nicht, dass es zum runter Fahren noch was gross gen\u00fctzt h\u00e4tte). Perfekt geplant war das Umfahren des Regens der am Nachmittag angesagt war aber immer entweder bevor wir da waren oder danach runter ging. Mehr als ein paar wenige Tropfen haben wir zum Gl\u00fcck nicht abgekriegt.<br \/>\n<iframe loading=\"lazy\" width=\"560\" height=\"315\" src=\"https:\/\/www.youtube.com\/embed\/GhLIarHuFAw\" title=\"YouTube video player\" frameborder=\"0\" allow=\"accelerometer; autoplay; clipboard-write; encrypted-media; gyroscope; picture-in-picture; web-share\" allowfullscreen=\"\"><\/iframe><\/p>\n","protected":false},"excerpt":{"rendered":"<p>Les Montagnes des Ardeche hiess das Programm heute, das uns u.a. \u00fcber den Col de la croix de Berthel in den Nationalpark der Cevennen brachte. 1. Mai = Tag der Arbeit &#8211; Also haben wir die Beine arbeiten lassen. Bedeutet aber auch: Alle Beizen haben zu und so gabs im Aufstieg in der einzigen Bar [&hellip;]<\/p>\n","protected":false},"author":1,"featured_media":0,"comment_status":"closed","ping_status":"closed","sticky":false,"template":"","format":"standard","meta":{"footnotes":""},"categories":[9,12],"tags":[73],"class_list":["post-7445","post","type-post","status-publish","format-standard","hentry","category-andreas","category-jasmin","tag-tour-de-cevennes"],"_links":{"self":[{"href":"http:\/\/lienis.landplaninfo.ch\/index.php?rest_route=\/wp\/v2\/posts\/7445","targetHints":{"allow":["GET"]}}],"collection":[{"href":"http:\/\/lienis.landplaninfo.ch\/index.php?rest_route=\/wp\/v2\/posts"}],"about":[{"href":"http:\/\/lienis.landplaninfo.ch\/index.php?rest_route=\/wp\/v2\/types\/post"}],"author":[{"embeddable":true,"href":"http:\/\/lienis.landplaninfo.ch\/index.php?rest_route=\/wp\/v2\/users\/1"}],"replies":[{"embeddable":true,"href":"http:\/\/lienis.landplaninfo.ch\/index.php?rest_route=%2Fwp%2Fv2%2Fcomments&post=7445"}],"version-history":[{"count":6,"href":"http:\/\/lienis.landplaninfo.ch\/index.php?rest_route=\/wp\/v2\/posts\/7445\/revisions"}],"predecessor-version":[{"id":7454,"href":"http:\/\/lienis.landplaninfo.ch\/index.php?rest_route=\/wp\/v2\/posts\/7445\/revisions\/7454"}],"wp:attachment":[{"href":"http:\/\/lienis.landplaninfo.ch\/index.php?rest_route=%2Fwp%2Fv2%2Fmedia&parent=7445"}],"wp:term":[{"taxonomy":"category","embeddable":true,"href":"http:\/\/lienis.landplaninfo.ch\/index.php?rest_route=%2Fwp%2Fv2%2Fcategories&post=7445"},{"taxonomy":"post_tag","embeddable":true,"href":"http:\/\/lienis.landplaninfo.ch\/index.php?rest_route=%2Fwp%2Fv2%2Ftags&post=7445"}],"curies":[{"name":"wp","href":"https:\/\/api.w.org\/{rel}","templated":true}]}}