{"id":7436,"date":"2023-04-30T17:14:22","date_gmt":"2023-04-30T15:14:22","guid":{"rendered":"https:\/\/lienis.landplaninfo.ch\/?p=7436"},"modified":"2023-05-01T20:45:36","modified_gmt":"2023-05-01T18:45:36","slug":"cevennes-etappe-1-montelimar-les-vans","status":"publish","type":"post","link":"http:\/\/lienis.landplaninfo.ch\/?p=7436","title":{"rendered":"Cevennes &#8211; Etappe 1: Montelimar- Les Vans"},"content":{"rendered":"<p>Abwechslungsreicher sanfter Tourauftakt: Zuerst auf der Via Rhone Richtung Mittelmeer um dann nach Westen in die H\u00fcgel der Ardeche abzuzweigen. Tolle kleine, kaum befahrene Str\u00e4sschen durch pittoreske D\u00f6rfer und durch menschenleere Eichen- und Robinienw\u00e4lder, die sich mit bl\u00fchender Maggia abwechselt. Das landschaftliche Highligth der Bois de Paiolive mit seinen wild durcheinadergew\u00fcrfelten Kalkbl\u00f6cken  und die \u00fcber die H\u00fcgel gleitenden riesigen Geier (vermutl. G\u00e4nsegeier und schon bereut, dass mir das Fernglas zu schwer schien um es mitzunehmen).<br \/>\n<iframe loading=\"lazy\" width=\"560\" height=\"315\" src=\"https:\/\/www.youtube.com\/embed\/K5rBJX5_zKw\" title=\"YouTube video player\" frameborder=\"0\" allow=\"accelerometer; autoplay; clipboard-write; encrypted-media; gyroscope; picture-in-picture; web-share\" allowfullscreen=\"\"><\/iframe><\/p>\n","protected":false},"excerpt":{"rendered":"<p>Abwechslungsreicher sanfter Tourauftakt: Zuerst auf der Via Rhone Richtung Mittelmeer um dann nach Westen in die H\u00fcgel der Ardeche abzuzweigen. Tolle kleine, kaum befahrene Str\u00e4sschen durch pittoreske D\u00f6rfer und durch menschenleere Eichen- und Robinienw\u00e4lder, die sich mit bl\u00fchender Maggia abwechselt. Das landschaftliche Highligth der Bois de Paiolive mit seinen wild durcheinadergew\u00fcrfelten Kalkbl\u00f6cken und die \u00fcber [&hellip;]<\/p>\n","protected":false},"author":1,"featured_media":0,"comment_status":"closed","ping_status":"closed","sticky":false,"template":"","format":"standard","meta":{"footnotes":""},"categories":[9,12],"tags":[73],"class_list":["post-7436","post","type-post","status-publish","format-standard","hentry","category-andreas","category-jasmin","tag-tour-de-cevennes"],"_links":{"self":[{"href":"http:\/\/lienis.landplaninfo.ch\/index.php?rest_route=\/wp\/v2\/posts\/7436","targetHints":{"allow":["GET"]}}],"collection":[{"href":"http:\/\/lienis.landplaninfo.ch\/index.php?rest_route=\/wp\/v2\/posts"}],"about":[{"href":"http:\/\/lienis.landplaninfo.ch\/index.php?rest_route=\/wp\/v2\/types\/post"}],"author":[{"embeddable":true,"href":"http:\/\/lienis.landplaninfo.ch\/index.php?rest_route=\/wp\/v2\/users\/1"}],"replies":[{"embeddable":true,"href":"http:\/\/lienis.landplaninfo.ch\/index.php?rest_route=%2Fwp%2Fv2%2Fcomments&post=7436"}],"version-history":[{"count":5,"href":"http:\/\/lienis.landplaninfo.ch\/index.php?rest_route=\/wp\/v2\/posts\/7436\/revisions"}],"predecessor-version":[{"id":7443,"href":"http:\/\/lienis.landplaninfo.ch\/index.php?rest_route=\/wp\/v2\/posts\/7436\/revisions\/7443"}],"wp:attachment":[{"href":"http:\/\/lienis.landplaninfo.ch\/index.php?rest_route=%2Fwp%2Fv2%2Fmedia&parent=7436"}],"wp:term":[{"taxonomy":"category","embeddable":true,"href":"http:\/\/lienis.landplaninfo.ch\/index.php?rest_route=%2Fwp%2Fv2%2Fcategories&post=7436"},{"taxonomy":"post_tag","embeddable":true,"href":"http:\/\/lienis.landplaninfo.ch\/index.php?rest_route=%2Fwp%2Fv2%2Ftags&post=7436"}],"curies":[{"name":"wp","href":"https:\/\/api.w.org\/{rel}","templated":true}]}}