{"id":7336,"date":"2022-10-13T17:22:18","date_gmt":"2022-10-13T15:22:18","guid":{"rendered":"http:\/\/lienis.landplaninfo.ch\/?p=7336"},"modified":"2022-10-13T17:27:36","modified_gmt":"2022-10-13T15:27:36","slug":"km-fresser-5","status":"publish","type":"post","link":"http:\/\/lienis.landplaninfo.ch\/?p=7336","title":{"rendered":"Km &#8211; Fresser 5"},"content":{"rendered":"<p><iframe loading=\"lazy\" width=\"560\" height=\"315\" src=\"https:\/\/www.youtube.com\/embed\/_P99NO4Uaec\" title=\"YouTube video player\" frameborder=\"0\" allow=\"accelerometer; autoplay; clipboard-write; encrypted-media; gyroscope; picture-in-picture\" allowfullscreen=\"\"><\/iframe><br \/>\nDas Wallis ist flach &#8211; stimmt nat\u00fcrlich nur wenn man sich nicht f\u00fcr den Radweg durch die Rebberge entscheidet, und die gehen bis gute 900 m.\u00fc.M hoch. Kommt dazu dass alle Wege und Strassen in den Reben nie als H\u00f6henweg angelegt wurden sondern um raschm\u00f6glichst rauf und wieder runter zu kommen. Drum Radwegschilder hin oder her, eine Rampe jagt die n\u00e4chste rauf und runter, rauf und runter, &#8230; 15% sind keine Seltenheit guter Untergrund schon eher. Das einzig regelm\u00e4ssige heute: Die Rhytmusbrecher. Und so vergehen die ersten 75 km mit einem endlos langsamen aber umso erm\u00fchdenden 13 km\/h Schnitt und an den Pausen hatte es nicht gelegen, denn die Velowegplaner haben zwar jeden Cave anfahren lassen, daf\u00fcr s\u00e4mtliche Beizen aber konsequent umgangen.<\/p>\n","protected":false},"excerpt":{"rendered":"<p>Das Wallis ist flach &#8211; stimmt nat\u00fcrlich nur wenn man sich nicht f\u00fcr den Radweg durch die Rebberge entscheidet, und die gehen bis gute 900 m.\u00fc.M hoch. Kommt dazu dass alle Wege und Strassen in den Reben nie als H\u00f6henweg angelegt wurden sondern um raschm\u00f6glichst rauf und wieder runter zu kommen. Drum Radwegschilder hin oder [&hellip;]<\/p>\n","protected":false},"author":1,"featured_media":0,"comment_status":"closed","ping_status":"closed","sticky":false,"template":"","format":"standard","meta":{"footnotes":""},"categories":[9],"tags":[72],"class_list":["post-7336","post","type-post","status-publish","format-standard","hentry","category-andreas","tag-km-fresser"],"_links":{"self":[{"href":"http:\/\/lienis.landplaninfo.ch\/index.php?rest_route=\/wp\/v2\/posts\/7336","targetHints":{"allow":["GET"]}}],"collection":[{"href":"http:\/\/lienis.landplaninfo.ch\/index.php?rest_route=\/wp\/v2\/posts"}],"about":[{"href":"http:\/\/lienis.landplaninfo.ch\/index.php?rest_route=\/wp\/v2\/types\/post"}],"author":[{"embeddable":true,"href":"http:\/\/lienis.landplaninfo.ch\/index.php?rest_route=\/wp\/v2\/users\/1"}],"replies":[{"embeddable":true,"href":"http:\/\/lienis.landplaninfo.ch\/index.php?rest_route=%2Fwp%2Fv2%2Fcomments&post=7336"}],"version-history":[{"count":2,"href":"http:\/\/lienis.landplaninfo.ch\/index.php?rest_route=\/wp\/v2\/posts\/7336\/revisions"}],"predecessor-version":[{"id":7338,"href":"http:\/\/lienis.landplaninfo.ch\/index.php?rest_route=\/wp\/v2\/posts\/7336\/revisions\/7338"}],"wp:attachment":[{"href":"http:\/\/lienis.landplaninfo.ch\/index.php?rest_route=%2Fwp%2Fv2%2Fmedia&parent=7336"}],"wp:term":[{"taxonomy":"category","embeddable":true,"href":"http:\/\/lienis.landplaninfo.ch\/index.php?rest_route=%2Fwp%2Fv2%2Fcategories&post=7336"},{"taxonomy":"post_tag","embeddable":true,"href":"http:\/\/lienis.landplaninfo.ch\/index.php?rest_route=%2Fwp%2Fv2%2Ftags&post=7336"}],"curies":[{"name":"wp","href":"https:\/\/api.w.org\/{rel}","templated":true}]}}