{"id":7321,"date":"2022-10-12T20:10:02","date_gmt":"2022-10-12T18:10:02","guid":{"rendered":"http:\/\/lienis.landplaninfo.ch\/?p=7321"},"modified":"2022-10-12T20:16:37","modified_gmt":"2022-10-12T18:16:37","slug":"km-fresser-4","status":"publish","type":"post","link":"http:\/\/lienis.landplaninfo.ch\/?p=7321","title":{"rendered":"Km &#8211; Fresser 4"},"content":{"rendered":"<p><iframe loading=\"lazy\" width=\"560\" height=\"315\" src=\"https:\/\/www.youtube.com\/embed\/_dhPxjtLKFY\" title=\"YouTube video player\" frameborder=\"0\" allow=\"accelerometer; autoplay; clipboard-write; encrypted-media; gyroscope; picture-in-picture\" allowfullscreen=\"\"><\/iframe><br \/>\nErstes kommt es anderst und zweitens als man es plant. Etwas gar grau, feucht und frisch gings los. Und ob&#8217;s der Wein oder die vergangenen Tage waren, irgendwie wollte es nicht so Rollen und ab Frankreich waren die Velowege wieder das \u00fcbliche \u00c4rgernis und f\u00fcr Tempi \u00fcber 10 km\/h gef\u00e4hrlicher als jede Strasse, darumm sorgen die Planer auch daf\u00fcr, dass soviele Hindernisse, Schwellen und Stops einem gar nicht in Versuchung bringen. Als es weg vom See auf die Route des Grand d&#8217;Alps ging machten die Strassen und die Landschaft wieder richtig Spass&#8230;bis, ja bis es dann pl\u00f6tzlich hiess Strasse nach Abondance gesperrt und die Umleitung f\u00fchrte zur\u00fcck zum See \ud83e\udd14. Die Karte zeigte noch einen anderen &#8218;k\u00fcrzeren&#8216; Umweg, ein kleiner Pass bei La Forclaz, den ich von der anderen Seite schon mal gemacht hatte. Habe dann gemerkt, dass es so wie heute doppelte H\u00f6henmeter sind (und vor allem nicht eingeplante, aber daf\u00fcr zeigte sich f\u00fcr den fast sommerlich-schweisstreibenden Aufstieg die Sonne). Einmal oben dann nat\u00fcrlich von Vorteil, dass nicht mehr ganz so viele H\u00f6henmeter vernichtet wurden in der kurzen Abfahrt. Highlight: die frischen Minibeignets in Chatel, die mir dann ganz hoch auf den Pas de Morgins brachten.<br \/>\nMorgins kennen wir vom Winter bestens und oft als Nebelloch. Auch heute wollte es sich nicht besser zeigen und um ein Haar h\u00e4tte man der feuchten Luft schon Regen sagen m\u00fcssen. Dick eingepackt im Zick zack rasant runter zur Rhone um dann w\u00e4hrend dem Buchungshalt des Hoteles zu merken, dass die letzten Zimmer in Aigle grad zeitgleich jemand weggeschnappt hat. Also dann halt doch Vorentscheid f\u00fcr morgen gef\u00e4llt, gegen die H\u00f6henmeter von Les Diablerets und f\u00fcr das flache Rollen im Valais und so noch ein paar km zu einem zahlbaren Hotel in Martigny angeh\u00e4ngt. Das Knie wird das flache Ausrollen morgen hoffentlich goutieren.<\/p>\n","protected":false},"excerpt":{"rendered":"<p>Erstes kommt es anderst und zweitens als man es plant. Etwas gar grau, feucht und frisch gings los. Und ob&#8217;s der Wein oder die vergangenen Tage waren, irgendwie wollte es nicht so Rollen und ab Frankreich waren die Velowege wieder das \u00fcbliche \u00c4rgernis und f\u00fcr Tempi \u00fcber 10 km\/h gef\u00e4hrlicher als jede Strasse, darumm sorgen [&hellip;]<\/p>\n","protected":false},"author":1,"featured_media":0,"comment_status":"closed","ping_status":"closed","sticky":false,"template":"","format":"standard","meta":{"footnotes":""},"categories":[9],"tags":[72],"class_list":["post-7321","post","type-post","status-publish","format-standard","hentry","category-andreas","tag-km-fresser"],"_links":{"self":[{"href":"http:\/\/lienis.landplaninfo.ch\/index.php?rest_route=\/wp\/v2\/posts\/7321","targetHints":{"allow":["GET"]}}],"collection":[{"href":"http:\/\/lienis.landplaninfo.ch\/index.php?rest_route=\/wp\/v2\/posts"}],"about":[{"href":"http:\/\/lienis.landplaninfo.ch\/index.php?rest_route=\/wp\/v2\/types\/post"}],"author":[{"embeddable":true,"href":"http:\/\/lienis.landplaninfo.ch\/index.php?rest_route=\/wp\/v2\/users\/1"}],"replies":[{"embeddable":true,"href":"http:\/\/lienis.landplaninfo.ch\/index.php?rest_route=%2Fwp%2Fv2%2Fcomments&post=7321"}],"version-history":[{"count":5,"href":"http:\/\/lienis.landplaninfo.ch\/index.php?rest_route=\/wp\/v2\/posts\/7321\/revisions"}],"predecessor-version":[{"id":7334,"href":"http:\/\/lienis.landplaninfo.ch\/index.php?rest_route=\/wp\/v2\/posts\/7321\/revisions\/7334"}],"wp:attachment":[{"href":"http:\/\/lienis.landplaninfo.ch\/index.php?rest_route=%2Fwp%2Fv2%2Fmedia&parent=7321"}],"wp:term":[{"taxonomy":"category","embeddable":true,"href":"http:\/\/lienis.landplaninfo.ch\/index.php?rest_route=%2Fwp%2Fv2%2Fcategories&post=7321"},{"taxonomy":"post_tag","embeddable":true,"href":"http:\/\/lienis.landplaninfo.ch\/index.php?rest_route=%2Fwp%2Fv2%2Ftags&post=7321"}],"curies":[{"name":"wp","href":"https:\/\/api.w.org\/{rel}","templated":true}]}}