{"id":7301,"date":"2022-10-11T17:15:11","date_gmt":"2022-10-11T15:15:11","guid":{"rendered":"http:\/\/lienis.landplaninfo.ch\/?p=7301"},"modified":"2022-10-11T21:03:39","modified_gmt":"2022-10-11T19:03:39","slug":"km-fresser-3","status":"publish","type":"post","link":"http:\/\/lienis.landplaninfo.ch\/?p=7301","title":{"rendered":"Km &#8211; Fresser 3"},"content":{"rendered":"<p><iframe loading=\"lazy\" title=\"YouTube video player\" src=\"https:\/\/www.youtube.com\/embed\/_ZRT-OIK_IQ\" width=\"560\" height=\"315\" frameborder=\"0\" allowfullscreen=\"allowfullscreen\"><\/iframe><br>Heute schon mit Sonne los gefahren, nichts von herbstlichen Nebeln, also zuerst grad mal frische Sonnencreme eingekauft. Dann das Knie an der einen oder anderen Rampe in den Rebbergen getestet und es hats gut ausgehalten. Da d\u00fcrfen es also morgen schon noch ein paar H\u00f6henmeter mehr werden. Die Gegend des Naturparks Jura vaudoise ist jedenfalls ein attraktives Velorevier mit tollen Landschaften und der Totalkontrast zum Verkehrschaos um den Flughafen Genf und Meyrin. Aber Radwege durchs Chaos sind durchg\u00e4ngig gut ausgebaut, durchfahren wegen der vielen Ampelstops trotzdem Wunschdenken. Beschleuniger bauen sie da nur unter dem Boden und da w\u00e4re man gerne mal so ein Quarks- oder Higgsteilchen.<br>Nach soviel Rebbergkilometer (der Vorteil \u00fcber der Erde)<br>g\u00f6nne ich mir heute mal ein Weinchen<br>und hoffe das gibt morgen am Berge<br>keine weichen Beinchen \ud83e\udd23<br>Aber vorher gibts noch eine andere Belohnung&#8230;<\/p>\n\n\n<figure class=\"wp-block-gallery has-nested-images columns-default is-cropped wp-block-gallery-1 is-layout-flex wp-block-gallery-is-layout-flex\">\n<figure class=\"wp-block-image size-large\"><a href=\"http:\/\/lienis.landplaninfo.ch\/wp-content\/uploads\/2022\/10\/20221011_175227-scaled.jpg\"><img loading=\"lazy\" decoding=\"async\" width=\"1024\" height=\"576\" data-id=\"7308\" src=\"http:\/\/lienis.landplaninfo.ch\/wp-content\/uploads\/2022\/10\/20221011_175227-1024x576.jpg\" alt=\"\" class=\"wp-image-7308\" srcset=\"http:\/\/lienis.landplaninfo.ch\/wp-content\/uploads\/2022\/10\/20221011_175227-1024x576.jpg 1024w, http:\/\/lienis.landplaninfo.ch\/wp-content\/uploads\/2022\/10\/20221011_175227-300x169.jpg 300w, http:\/\/lienis.landplaninfo.ch\/wp-content\/uploads\/2022\/10\/20221011_175227-768x432.jpg 768w, http:\/\/lienis.landplaninfo.ch\/wp-content\/uploads\/2022\/10\/20221011_175227-1536x864.jpg 1536w, http:\/\/lienis.landplaninfo.ch\/wp-content\/uploads\/2022\/10\/20221011_175227-2048x1152.jpg 2048w\" sizes=\"auto, (max-width: 1024px) 100vw, 1024px\" \/><\/a><\/figure>\n<\/figure>\n\n\n\n<figure class=\"wp-block-gallery has-nested-images columns-default is-cropped wp-block-gallery-2 is-layout-flex wp-block-gallery-is-layout-flex\">\n<figure class=\"wp-block-image size-large\"><a href=\"http:\/\/lienis.landplaninfo.ch\/wp-content\/uploads\/2022\/10\/20221011_191449-scaled.jpg\"><img loading=\"lazy\" decoding=\"async\" width=\"1024\" height=\"576\" data-id=\"7310\" src=\"http:\/\/lienis.landplaninfo.ch\/wp-content\/uploads\/2022\/10\/20221011_191449-1024x576.jpg\" alt=\"\" class=\"wp-image-7310\" srcset=\"http:\/\/lienis.landplaninfo.ch\/wp-content\/uploads\/2022\/10\/20221011_191449-1024x576.jpg 1024w, http:\/\/lienis.landplaninfo.ch\/wp-content\/uploads\/2022\/10\/20221011_191449-300x169.jpg 300w, http:\/\/lienis.landplaninfo.ch\/wp-content\/uploads\/2022\/10\/20221011_191449-768x432.jpg 768w, http:\/\/lienis.landplaninfo.ch\/wp-content\/uploads\/2022\/10\/20221011_191449-1536x864.jpg 1536w, http:\/\/lienis.landplaninfo.ch\/wp-content\/uploads\/2022\/10\/20221011_191449-2048x1152.jpg 2048w\" sizes=\"auto, (max-width: 1024px) 100vw, 1024px\" \/><\/a><\/figure>\n<\/figure>\n\n\n\n<p>Getoppt vom CdP (Damits bei Threema nicht dauernd pingelig macht: = Cafe de Paris &#8211; Chez Boubier) original, inkl. Rangelei vom Kellnercrew mit renitenten G\u00e4sten&#8230; Die Beiz wo alle das gleiche essen (Menue unique) und doch nicht langweilig (EVENT&#8230;eull wird Lustig\ud83d\ude09)<\/p>\n\n\n\n<figure class=\"wp-block-gallery has-nested-images columns-default is-cropped wp-block-gallery-3 is-layout-flex wp-block-gallery-is-layout-flex\">\n<figure class=\"wp-block-image size-large\"><a href=\"http:\/\/lienis.landplaninfo.ch\/wp-content\/uploads\/2022\/10\/20221011_191202-scaled.jpg\"><img loading=\"lazy\" decoding=\"async\" width=\"1024\" height=\"576\" data-id=\"7314\" src=\"http:\/\/lienis.landplaninfo.ch\/wp-content\/uploads\/2022\/10\/20221011_191202-1024x576.jpg\" alt=\"\" class=\"wp-image-7314\" srcset=\"http:\/\/lienis.landplaninfo.ch\/wp-content\/uploads\/2022\/10\/20221011_191202-1024x576.jpg 1024w, http:\/\/lienis.landplaninfo.ch\/wp-content\/uploads\/2022\/10\/20221011_191202-300x169.jpg 300w, http:\/\/lienis.landplaninfo.ch\/wp-content\/uploads\/2022\/10\/20221011_191202-768x432.jpg 768w, http:\/\/lienis.landplaninfo.ch\/wp-content\/uploads\/2022\/10\/20221011_191202-1536x864.jpg 1536w, http:\/\/lienis.landplaninfo.ch\/wp-content\/uploads\/2022\/10\/20221011_191202-2048x1152.jpg 2048w\" sizes=\"auto, (max-width: 1024px) 100vw, 1024px\" \/><\/a><\/figure>\n<\/figure>\n","protected":false},"excerpt":{"rendered":"<p>Heute schon mit Sonne los gefahren, nichts von herbstlichen Nebeln, also zuerst grad mal frische Sonnencreme eingekauft. Dann das Knie an der einen oder anderen Rampe in den Rebbergen getestet und es hats gut ausgehalten. Da d\u00fcrfen es also morgen schon noch ein paar H\u00f6henmeter mehr werden. Die Gegend des Naturparks Jura vaudoise ist jedenfalls [&hellip;]<\/p>\n","protected":false},"author":1,"featured_media":0,"comment_status":"closed","ping_status":"closed","sticky":false,"template":"","format":"standard","meta":{"footnotes":""},"categories":[9],"tags":[72],"class_list":["post-7301","post","type-post","status-publish","format-standard","hentry","category-andreas","tag-km-fresser"],"_links":{"self":[{"href":"http:\/\/lienis.landplaninfo.ch\/index.php?rest_route=\/wp\/v2\/posts\/7301","targetHints":{"allow":["GET"]}}],"collection":[{"href":"http:\/\/lienis.landplaninfo.ch\/index.php?rest_route=\/wp\/v2\/posts"}],"about":[{"href":"http:\/\/lienis.landplaninfo.ch\/index.php?rest_route=\/wp\/v2\/types\/post"}],"author":[{"embeddable":true,"href":"http:\/\/lienis.landplaninfo.ch\/index.php?rest_route=\/wp\/v2\/users\/1"}],"replies":[{"embeddable":true,"href":"http:\/\/lienis.landplaninfo.ch\/index.php?rest_route=%2Fwp%2Fv2%2Fcomments&post=7301"}],"version-history":[{"count":7,"href":"http:\/\/lienis.landplaninfo.ch\/index.php?rest_route=\/wp\/v2\/posts\/7301\/revisions"}],"predecessor-version":[{"id":7318,"href":"http:\/\/lienis.landplaninfo.ch\/index.php?rest_route=\/wp\/v2\/posts\/7301\/revisions\/7318"}],"wp:attachment":[{"href":"http:\/\/lienis.landplaninfo.ch\/index.php?rest_route=%2Fwp%2Fv2%2Fmedia&parent=7301"}],"wp:term":[{"taxonomy":"category","embeddable":true,"href":"http:\/\/lienis.landplaninfo.ch\/index.php?rest_route=%2Fwp%2Fv2%2Fcategories&post=7301"},{"taxonomy":"post_tag","embeddable":true,"href":"http:\/\/lienis.landplaninfo.ch\/index.php?rest_route=%2Fwp%2Fv2%2Ftags&post=7301"}],"curies":[{"name":"wp","href":"https:\/\/api.w.org\/{rel}","templated":true}]}}