{"id":7172,"date":"2022-07-29T17:03:59","date_gmt":"2022-07-29T15:03:59","guid":{"rendered":"http:\/\/lienis.landplaninfo.ch\/?p=7172"},"modified":"2022-07-29T17:22:00","modified_gmt":"2022-07-29T15:22:00","slug":"austriatour-etappe-13","status":"publish","type":"post","link":"http:\/\/lienis.landplaninfo.ch\/?p=7172","title":{"rendered":"Austriatour Etappe 13"},"content":{"rendered":"<p>Das Wetter erinnert sehr an die inneralpinen Trockent\u00e4ler denn anstatt dem angek\u00fcndigten wolkenbedeckte eher tr\u00fcben Tag radelten wir bei sch\u00f6nstem Wetter mit viel Sonne vom Tirol durchs Salzburgerland bis in die Steiermark. Die Stationen erinnerten an den Weltcup Skikalender: Altenmark, Flachau, Reiteralm, Planai und nicht zu vergessen die Hauptstadt der Radfahrer: Radstadt, was wir nat\u00fcrlich mit einem Johann feierten.  Auch sonst trotz eher moderater H\u00f6he der Bergt\u00e4ler ist jeder zweite Berg ein Skigebiet und jede Alm ein Wintersportgebiet.<br \/>\nZuerst auf dem Tauern Radweg dann auf der Dachsteinroute. Viele Kilometer, davon viele auf hauptstrassenbegleitenden m\u00e4ssig guten Radwegen und die sch\u00f6nsten Strecken auf Gravel entlang der Ens. Soviel Gravel nimmt jede Massage vorneweg und sorgt daf\u00fcr, dass wir heute nicht nur die Muskeln, sondern auch das eine oder andere Schlottergelenk sp\u00fchrten.<\/p>\n<p><iframe loading=\"lazy\" width=\"560\" height=\"315\" src=\"https:\/\/www.youtube.com\/embed\/hC4anoJN7hs\" title=\"YouTube video player\" frameborder=\"0\" allow=\"accelerometer; autoplay; clipboard-write; encrypted-media; gyroscope; picture-in-picture\" allowfullscreen=\"\"><\/iframe><\/p>\n","protected":false},"excerpt":{"rendered":"<p>Das Wetter erinnert sehr an die inneralpinen Trockent\u00e4ler denn anstatt dem angek\u00fcndigten wolkenbedeckte eher tr\u00fcben Tag radelten wir bei sch\u00f6nstem Wetter mit viel Sonne vom Tirol durchs Salzburgerland bis in die Steiermark. Die Stationen erinnerten an den Weltcup Skikalender: Altenmark, Flachau, Reiteralm, Planai und nicht zu vergessen die Hauptstadt der Radfahrer: Radstadt, was wir nat\u00fcrlich [&hellip;]<\/p>\n","protected":false},"author":1,"featured_media":0,"comment_status":"closed","ping_status":"closed","sticky":false,"template":"","format":"standard","meta":{"footnotes":""},"categories":[9,12],"tags":[71,31,30],"class_list":["post-7172","post","type-post","status-publish","format-standard","hentry","category-andreas","category-jasmin","tag-austriatour","tag-gps","tag-sportliches"],"_links":{"self":[{"href":"http:\/\/lienis.landplaninfo.ch\/index.php?rest_route=\/wp\/v2\/posts\/7172","targetHints":{"allow":["GET"]}}],"collection":[{"href":"http:\/\/lienis.landplaninfo.ch\/index.php?rest_route=\/wp\/v2\/posts"}],"about":[{"href":"http:\/\/lienis.landplaninfo.ch\/index.php?rest_route=\/wp\/v2\/types\/post"}],"author":[{"embeddable":true,"href":"http:\/\/lienis.landplaninfo.ch\/index.php?rest_route=\/wp\/v2\/users\/1"}],"replies":[{"embeddable":true,"href":"http:\/\/lienis.landplaninfo.ch\/index.php?rest_route=%2Fwp%2Fv2%2Fcomments&post=7172"}],"version-history":[{"count":5,"href":"http:\/\/lienis.landplaninfo.ch\/index.php?rest_route=\/wp\/v2\/posts\/7172\/revisions"}],"predecessor-version":[{"id":7179,"href":"http:\/\/lienis.landplaninfo.ch\/index.php?rest_route=\/wp\/v2\/posts\/7172\/revisions\/7179"}],"wp:attachment":[{"href":"http:\/\/lienis.landplaninfo.ch\/index.php?rest_route=%2Fwp%2Fv2%2Fmedia&parent=7172"}],"wp:term":[{"taxonomy":"category","embeddable":true,"href":"http:\/\/lienis.landplaninfo.ch\/index.php?rest_route=%2Fwp%2Fv2%2Fcategories&post=7172"},{"taxonomy":"post_tag","embeddable":true,"href":"http:\/\/lienis.landplaninfo.ch\/index.php?rest_route=%2Fwp%2Fv2%2Ftags&post=7172"}],"curies":[{"name":"wp","href":"https:\/\/api.w.org\/{rel}","templated":true}]}}