{"id":7138,"date":"2022-07-27T15:45:37","date_gmt":"2022-07-27T13:45:37","guid":{"rendered":"http:\/\/lienis.landplaninfo.ch\/?p=7138"},"modified":"2022-07-27T16:46:59","modified_gmt":"2022-07-27T14:46:59","slug":"austriatour-etappe-11","status":"publish","type":"post","link":"http:\/\/lienis.landplaninfo.ch\/?p=7138","title":{"rendered":"Austriatour Etappe 11"},"content":{"rendered":"<p>Ein erneut Wolken vergangener Tag an dem es laut Wetterbericht immer jeden Moment zu Regnen h\u00e4tte beginnen sollen, f\u00fchrt uns zur\u00fcck ins Tirol (sind ja auf Austriatour und nicht auf einer Bavariarundfahrt). Trotzdem blieben wir auch heute wieder bis zum Schluss trocken: Zwei \ud83c\udf40\ud83c\udf44 beim \ud83d\udeb4\u200d\u2642\ufe0f. Teile der Strecke entsprachen der DACH-Tour, der Abstecher durch die \u00f6stlichen Chimgauer Alpen war neu und lohnenswert mit attraktiver Strasse entlang der Bergseen. Leider war nicht wirklich Badewetter und so kullerten die Kilometer recht schnell von Tacho und die Checkin Zeit war noch nicht erreicht bei Ankunft am Etappenziel. Zeit also f\u00fcr einen &#8218;kleinen&#8216; Kaiserschmarren und schon sind damit die Akkus f\u00fcr Morgen wieder vollgeladen. Und es bleibt noch Zeit um eine neue Velohose zu suchen nachdem die erste den Strapazen nachgab und pl\u00f6tzlich L\u00fcftungsl\u00f6cher an Stellen aufweist wo man sie nicht haben will.<\/p>\n<p>Update: Sportladen ja,  Bibshorts leider nein. Also landen wir grad sofort beim Aperol.<\/p>\n<p><iframe loading=\"lazy\" width=\"560\" height=\"315\" src=\"https:\/\/www.youtube.com\/embed\/cvopN6J8oCI\" title=\"YouTube video player\" frameborder=\"0\" allow=\"accelerometer; autoplay; clipboard-write; encrypted-media; gyroscope; picture-in-picture\" allowfullscreen=\"\"><\/iframe><\/p>\n","protected":false},"excerpt":{"rendered":"<p>Ein erneut Wolken vergangener Tag an dem es laut Wetterbericht immer jeden Moment zu Regnen h\u00e4tte beginnen sollen, f\u00fchrt uns zur\u00fcck ins Tirol (sind ja auf Austriatour und nicht auf einer Bavariarundfahrt). Trotzdem blieben wir auch heute wieder bis zum Schluss trocken: Zwei \ud83c\udf40\ud83c\udf44 beim \ud83d\udeb4\u200d\u2642\ufe0f. Teile der Strecke entsprachen der DACH-Tour, der Abstecher durch [&hellip;]<\/p>\n","protected":false},"author":1,"featured_media":0,"comment_status":"closed","ping_status":"closed","sticky":false,"template":"","format":"standard","meta":{"footnotes":""},"categories":[9,12],"tags":[71,31,30],"class_list":["post-7138","post","type-post","status-publish","format-standard","hentry","category-andreas","category-jasmin","tag-austriatour","tag-gps","tag-sportliches"],"_links":{"self":[{"href":"http:\/\/lienis.landplaninfo.ch\/index.php?rest_route=\/wp\/v2\/posts\/7138","targetHints":{"allow":["GET"]}}],"collection":[{"href":"http:\/\/lienis.landplaninfo.ch\/index.php?rest_route=\/wp\/v2\/posts"}],"about":[{"href":"http:\/\/lienis.landplaninfo.ch\/index.php?rest_route=\/wp\/v2\/types\/post"}],"author":[{"embeddable":true,"href":"http:\/\/lienis.landplaninfo.ch\/index.php?rest_route=\/wp\/v2\/users\/1"}],"replies":[{"embeddable":true,"href":"http:\/\/lienis.landplaninfo.ch\/index.php?rest_route=%2Fwp%2Fv2%2Fcomments&post=7138"}],"version-history":[{"count":6,"href":"http:\/\/lienis.landplaninfo.ch\/index.php?rest_route=\/wp\/v2\/posts\/7138\/revisions"}],"predecessor-version":[{"id":7150,"href":"http:\/\/lienis.landplaninfo.ch\/index.php?rest_route=\/wp\/v2\/posts\/7138\/revisions\/7150"}],"wp:attachment":[{"href":"http:\/\/lienis.landplaninfo.ch\/index.php?rest_route=%2Fwp%2Fv2%2Fmedia&parent=7138"}],"wp:term":[{"taxonomy":"category","embeddable":true,"href":"http:\/\/lienis.landplaninfo.ch\/index.php?rest_route=%2Fwp%2Fv2%2Fcategories&post=7138"},{"taxonomy":"post_tag","embeddable":true,"href":"http:\/\/lienis.landplaninfo.ch\/index.php?rest_route=%2Fwp%2Fv2%2Ftags&post=7138"}],"curies":[{"name":"wp","href":"https:\/\/api.w.org\/{rel}","templated":true}]}}