{"id":7063,"date":"2022-07-21T17:05:42","date_gmt":"2022-07-21T15:05:42","guid":{"rendered":"http:\/\/lienis.landplaninfo.ch\/?p=7063"},"modified":"2022-07-21T20:55:42","modified_gmt":"2022-07-21T18:55:42","slug":"austriatour-etappe-5","status":"publish","type":"post","link":"http:\/\/lienis.landplaninfo.ch\/?p=7063","title":{"rendered":"Austriatour Etappe 5"},"content":{"rendered":"<p>Heute das erste mal den Grobplan ge\u00e4ndert. Garmisch und die Zugspitze, auf der wir beide noch nie waren, so nah am Weg, dass wir das ins Programm aufnehmen wollten. Nur hat das Wetter heute nicht so ganz mitgespielt.  Zwar blieb der angesagte Regen aus aber auf Zugespitzte laut Livecam: Dichtester Nebel. Daf\u00fcr 2*63 Euro abdr\u00fccken? Doch eher nicht und so sparten wir auch den kurzen aber happigen Aufstieg zur Seilbahn.  Plan\u00e4nderung dann auch f\u00fcr den Nachmittag da Murnau ausgebucht und zahlbare Unterk\u00fcnften auch in der weiteren Umgebung grad Mangelware. Also nach toller Fahrt entlang der Plansees und dann 11km Gravel durch das wilde Neum\u00fchletal im Naturpark entlang der gr\u00fcnen Grenze zwischen A und D stand dann Essen und Shopping in Garmisch auf dem Programm. Preisschild: Euro 119.- \/ CHF 169.-???&#8230; Ok ich habe jetzt ein neues paar Hosen f\u00fcrs Ikarus und nicht in Fr\u00e4nkli bezahlt. \ud83d\ude09.<br \/>\n<iframe loading=\"lazy\" width=\"560\" height=\"315\" src=\"https:\/\/www.youtube.com\/embed\/v8PxvymttoY\" title=\"YouTube video player\" frameborder=\"0\" allow=\"accelerometer; autoplay; clipboard-write; encrypted-media; gyroscope; picture-in-picture\" allowfullscreen=\"\"><\/iframe><\/p>\n<p><iframe loading=\"lazy\" width=\"560\" height=\"315\" src=\"https:\/\/www.youtube.com\/embed\/SBT_GrDHeMo\" title=\"YouTube video player\" frameborder=\"0\" allow=\"accelerometer; autoplay; clipboard-write; encrypted-media; gyroscope; picture-in-picture\" allowfullscreen&gt;=\"\" <=\"\" p=\"\"><\/iframe><\/p>\n","protected":false},"excerpt":{"rendered":"<p>Heute das erste mal den Grobplan ge\u00e4ndert. Garmisch und die Zugspitze, auf der wir beide noch nie waren, so nah am Weg, dass wir das ins Programm aufnehmen wollten. Nur hat das Wetter heute nicht so ganz mitgespielt. Zwar blieb der angesagte Regen aus aber auf Zugespitzte laut Livecam: Dichtester Nebel. Daf\u00fcr 2*63 Euro abdr\u00fccken? [&hellip;]<\/p>\n","protected":false},"author":1,"featured_media":0,"comment_status":"closed","ping_status":"closed","sticky":false,"template":"","format":"standard","meta":{"footnotes":""},"categories":[9,12],"tags":[71,31,30],"class_list":["post-7063","post","type-post","status-publish","format-standard","hentry","category-andreas","category-jasmin","tag-austriatour","tag-gps","tag-sportliches"],"_links":{"self":[{"href":"http:\/\/lienis.landplaninfo.ch\/index.php?rest_route=\/wp\/v2\/posts\/7063","targetHints":{"allow":["GET"]}}],"collection":[{"href":"http:\/\/lienis.landplaninfo.ch\/index.php?rest_route=\/wp\/v2\/posts"}],"about":[{"href":"http:\/\/lienis.landplaninfo.ch\/index.php?rest_route=\/wp\/v2\/types\/post"}],"author":[{"embeddable":true,"href":"http:\/\/lienis.landplaninfo.ch\/index.php?rest_route=\/wp\/v2\/users\/1"}],"replies":[{"embeddable":true,"href":"http:\/\/lienis.landplaninfo.ch\/index.php?rest_route=%2Fwp%2Fv2%2Fcomments&post=7063"}],"version-history":[{"count":6,"href":"http:\/\/lienis.landplaninfo.ch\/index.php?rest_route=\/wp\/v2\/posts\/7063\/revisions"}],"predecessor-version":[{"id":7073,"href":"http:\/\/lienis.landplaninfo.ch\/index.php?rest_route=\/wp\/v2\/posts\/7063\/revisions\/7073"}],"wp:attachment":[{"href":"http:\/\/lienis.landplaninfo.ch\/index.php?rest_route=%2Fwp%2Fv2%2Fmedia&parent=7063"}],"wp:term":[{"taxonomy":"category","embeddable":true,"href":"http:\/\/lienis.landplaninfo.ch\/index.php?rest_route=%2Fwp%2Fv2%2Fcategories&post=7063"},{"taxonomy":"post_tag","embeddable":true,"href":"http:\/\/lienis.landplaninfo.ch\/index.php?rest_route=%2Fwp%2Fv2%2Ftags&post=7063"}],"curies":[{"name":"wp","href":"https:\/\/api.w.org\/{rel}","templated":true}]}}