{"id":7056,"date":"2022-07-20T15:49:42","date_gmt":"2022-07-20T13:49:42","guid":{"rendered":"http:\/\/lienis.landplaninfo.ch\/?p=7056"},"modified":"2022-07-20T16:07:36","modified_gmt":"2022-07-20T14:07:36","slug":"austriatour-etappe-4","status":"publish","type":"post","link":"http:\/\/lienis.landplaninfo.ch\/?p=7056","title":{"rendered":"Austriatour Etappe 4"},"content":{"rendered":"<p>Nachts \u00fcber k\u00fchlte es auf \u00fcber 1000m wunderbar ab und so konnten wir den heutigen halben Ruhetag (wenigstens was die Velo-Kilometer betrifft) bei angenehmen Temperaturen starten. Der Lechtaler Radweg ist wirklich von besonderer Attraktivit\u00e4t. Mitten durch den Naturpark und durch die wilden Auen der Lech. So war diese Fahrt immer wieder leicht abw\u00e4rts eine landschaftliche Genussfahrt mit einem Blick auf einen unverbauten Alpenfluss wie es ihn in der Schweiz leider schon lange nicht mehr gibt. Nach kurzer Tour warteten mit den bayrischen K\u00f6nigsschl\u00f6ssern und Milliarden von Touristen aus aller Welt (u.a. auch 2 aus Bubikon) ein <a href=\"https:\/\/youtu.be\/UhWhYUUo3WM\" target=\"_blank\" rel=\"noopener\">touristischer H\u00f6hepunkt Europas<\/a> auf uns. &#8218;Disneyland&#8216; w\u00fcrde man die schlossgewordenen Hirngespinnste dieses Bayernadels von damals heute wohl nennen. Reizvoll kitschig eigentlich nur, weil es doch schon etwas in die Jahre gekommen und damit aus seiner Zeit gefallen ist. Und trotz aller Bef\u00fcrchtungen war das erste bayrisch w\u00e4rschafte Essen in der Tourifalle beim Schloss richtig gut.<br \/>\nLangsam ziehen nun die ersten Wolken auf und wir sind sehr gespannt, was wetterm\u00e4ssig die n\u00e4chsten Tage bringen werden.<br \/>\n<iframe loading=\"lazy\" title=\"YouTube video \nplayer\" src=\"https:\/\/www.youtube.com\/embed\/_XpEMmmwhPQ\" width=\"560\" height=\"315\" frameborder=\"0\" allowfullscreen=\"allowfullscreen\"><\/iframe><\/p>\n","protected":false},"excerpt":{"rendered":"<p>Nachts \u00fcber k\u00fchlte es auf \u00fcber 1000m wunderbar ab und so konnten wir den heutigen halben Ruhetag (wenigstens was die Velo-Kilometer betrifft) bei angenehmen Temperaturen starten. Der Lechtaler Radweg ist wirklich von besonderer Attraktivit\u00e4t. Mitten durch den Naturpark und durch die wilden Auen der Lech. So war diese Fahrt immer wieder leicht abw\u00e4rts eine landschaftliche [&hellip;]<\/p>\n","protected":false},"author":1,"featured_media":0,"comment_status":"closed","ping_status":"closed","sticky":false,"template":"","format":"standard","meta":{"footnotes":""},"categories":[9,12],"tags":[71,31,30],"class_list":["post-7056","post","type-post","status-publish","format-standard","hentry","category-andreas","category-jasmin","tag-austriatour","tag-gps","tag-sportliches"],"_links":{"self":[{"href":"http:\/\/lienis.landplaninfo.ch\/index.php?rest_route=\/wp\/v2\/posts\/7056","targetHints":{"allow":["GET"]}}],"collection":[{"href":"http:\/\/lienis.landplaninfo.ch\/index.php?rest_route=\/wp\/v2\/posts"}],"about":[{"href":"http:\/\/lienis.landplaninfo.ch\/index.php?rest_route=\/wp\/v2\/types\/post"}],"author":[{"embeddable":true,"href":"http:\/\/lienis.landplaninfo.ch\/index.php?rest_route=\/wp\/v2\/users\/1"}],"replies":[{"embeddable":true,"href":"http:\/\/lienis.landplaninfo.ch\/index.php?rest_route=%2Fwp%2Fv2%2Fcomments&post=7056"}],"version-history":[{"count":3,"href":"http:\/\/lienis.landplaninfo.ch\/index.php?rest_route=\/wp\/v2\/posts\/7056\/revisions"}],"predecessor-version":[{"id":7061,"href":"http:\/\/lienis.landplaninfo.ch\/index.php?rest_route=\/wp\/v2\/posts\/7056\/revisions\/7061"}],"wp:attachment":[{"href":"http:\/\/lienis.landplaninfo.ch\/index.php?rest_route=%2Fwp%2Fv2%2Fmedia&parent=7056"}],"wp:term":[{"taxonomy":"category","embeddable":true,"href":"http:\/\/lienis.landplaninfo.ch\/index.php?rest_route=%2Fwp%2Fv2%2Fcategories&post=7056"},{"taxonomy":"post_tag","embeddable":true,"href":"http:\/\/lienis.landplaninfo.ch\/index.php?rest_route=%2Fwp%2Fv2%2Ftags&post=7056"}],"curies":[{"name":"wp","href":"https:\/\/api.w.org\/{rel}","templated":true}]}}